{"id":3455,"date":"2016-10-18T19:36:38","date_gmt":"2016-10-18T21:36:38","guid":{"rendered":"https:\/\/blogs.correiobraziliense.com.br\/vicente\/?p=3455"},"modified":"2016-10-18T19:36:38","modified_gmt":"2016-10-18T21:36:38","slug":"bc-ainda-esta-dividido-sobre-corte-dos-juros","status":"publish","type":"post","link":"https:\/\/blogs.correiobraziliense.com.br\/vicente\/bc-ainda-esta-dividido-sobre-corte-dos-juros\/","title":{"rendered":"BC ainda est\u00e1 dividido sobre tamanho do corte dos juros"},"content":{"rendered":"<p>POR ANTONIO TEM\u00d3TEO<\/p>\n<p>&nbsp;<\/p>\n<p>Que a ta\u00e7a b\u00e1sica de juros (Selic) vai cair nesta quarta-feira, todas as paredes do Banco Central j\u00e1 sabem. Mas, apesar do cen\u00e1rio positivo apresentado hoje, primeiro dia\u00a0do encontro do Comit\u00ea de Pol\u00edtica\u00a0Monet\u00e1ria (Copom), a diretoria da institui\u00e7\u00e3o ainda se mostrou dividida diante do tamanho do corte.<\/p>\n<p>&nbsp;<\/p>\n<p>Um grupo defende redu\u00e7\u00e3o de 0,5 ponto percentual, certo de que a infla\u00e7\u00e3o vai continuar caindo com for\u00e7a nos pr\u00f3ximos meses e que o governo precisa dar algum estimulo \u00e0 economia, que continua muito fraca.<\/p>\n<p>&nbsp;<\/p>\n<p>Outra ala defende redu\u00e7\u00e3o de 0,25 ponto, alegando que, depois de tantos anos de infla\u00e7\u00e3o alta, \u00e9 preciso ir devagar, para que o BC n\u00e3o seja obrigado a interromper o ciclo de queda dos juros nos pr\u00f3ximos meses. Esse grupo n\u00e3o descarta um corte maior em novembro, de 0,75 ponto, se todas as previs\u00f5es otimistas se confirmarem.<\/p>\n<p>&nbsp;<\/p>\n<p>Presidente do BC, Ilan Goldfajn acredita que \u00e9 poss\u00edvel chegar amanh\u00e3 \u00a0com o grupo fechado em uma \u00fanica posi\u00e7\u00e3o. Para ele, a unidade nas decis\u00f5es do banco neste momento \u00e9 muito importante no sentido de refor\u00e7ar a credibilidade da pol\u00edtica monet\u00e1ria.<\/p>\n<p>&nbsp;<\/p>\n<p><i>Bras\u00edlia, 18h30 min<\/i><\/p>\n","protected":false},"excerpt":{"rendered":"<p>POR ANTONIO TEM\u00d3TEO &nbsp; Que a ta\u00e7a b\u00e1sica de juros (Selic) vai cair nesta quarta-feira, todas as paredes do Banco Central j\u00e1 sabem. Mas, apesar do cen\u00e1rio positivo apresentado hoje, primeiro dia\u00a0do encontro do Comit\u00ea de Pol\u00edtica\u00a0Monet\u00e1ria (Copom), a diretoria da institui\u00e7\u00e3o ainda se mostrou dividida diante do tamanho do corte. &nbsp; Um grupo defende [&hellip;]<\/p>\n","protected":false},"author":22,"featured_media":0,"comment_status":"open","ping_status":"closed","sticky":false,"template":"","format":"standard","meta":{"footnotes":""},"categories":[600],"tags":[3,1348,1413,107,14,279,1319,1414],"class_list":["post-3455","post","type-post","status-publish","format-standard","hentry","category-economia","tag-banco-central","tag-comite-de-politica-monetaria","tag-divisao-da-diretoria","tag-ilan-goldfajn","tag-inflacao","tag-queda","tag-taxa-basica-de-juros","tag-unanimidade"],"_links":{"self":[{"href":"https:\/\/blogs.correiobraziliense.com.br\/vicente\/wp-json\/wp\/v2\/posts\/3455","targetHints":{"allow":["GET"]}}],"collection":[{"href":"https:\/\/blogs.correiobraziliense.com.br\/vicente\/wp-json\/wp\/v2\/posts"}],"about":[{"href":"https:\/\/blogs.correiobraziliense.com.br\/vicente\/wp-json\/wp\/v2\/types\/post"}],"author":[{"embeddable":true,"href":"https:\/\/blogs.correiobraziliense.com.br\/vicente\/wp-json\/wp\/v2\/users\/22"}],"replies":[{"embeddable":true,"href":"https:\/\/blogs.correiobraziliense.com.br\/vicente\/wp-json\/wp\/v2\/comments?post=3455"}],"version-history":[{"count":1,"href":"https:\/\/blogs.correiobraziliense.com.br\/vicente\/wp-json\/wp\/v2\/posts\/3455\/revisions"}],"predecessor-version":[{"id":3456,"href":"https:\/\/blogs.correiobraziliense.com.br\/vicente\/wp-json\/wp\/v2\/posts\/3455\/revisions\/3456"}],"wp:attachment":[{"href":"https:\/\/blogs.correiobraziliense.com.br\/vicente\/wp-json\/wp\/v2\/media?parent=3455"}],"wp:term":[{"taxonomy":"category","embeddable":true,"href":"https:\/\/blogs.correiobraziliense.com.br\/vicente\/wp-json\/wp\/v2\/categories?post=3455"},{"taxonomy":"post_tag","embeddable":true,"href":"https:\/\/blogs.correiobraziliense.com.br\/vicente\/wp-json\/wp\/v2\/tags?post=3455"}],"curies":[{"name":"wp","href":"https:\/\/api.w.org\/{rel}","templated":true}]}}