{"id":3453,"date":"2016-10-18T15:31:31","date_gmt":"2016-10-18T17:31:31","guid":{"rendered":"https:\/\/blogs.correiobraziliense.com.br\/vicente\/?p=3453"},"modified":"2016-10-18T19:20:46","modified_gmt":"2016-10-18T21:20:46","slug":"meirelles-e-ilan-juros-no-cardapio","status":"publish","type":"post","link":"https:\/\/blogs.correiobraziliense.com.br\/vicente\/meirelles-e-ilan-juros-no-cardapio\/","title":{"rendered":"Meirelles e Ilan: juros no card\u00e1pio"},"content":{"rendered":"<p>POR ANTONIO TEM\u00d3TEO<\/p>\n<p>&nbsp;<\/p>\n<p>O ministro da Fazenda, Henrique Meirelles, e o presidente do Banco Central, Ilan Goldfajn, falaram de tudo hoje em um animado aomo\u00e7o, mas nada deu tanto prazer a eles quanto a perspectiva de queda da taxa b\u00e1sica de juros (Selic) a partir desta quarta-feira.<\/p>\n<p>&nbsp;<\/p>\n<p>Ilan tra\u00e7ou um quadro muito favor\u00e1vel para a infla\u00e7\u00e3o. Disse que o governo poder\u00e1 dar boas not\u00edcias nos pr\u00f3ximos meses, que v\u00e3o favorecer muito o fortalecimento do presidente Michel Temer. Para Meirelles, a aprova\u00e7\u00e3o em primeiro turno na C\u00e2mara dos Deputados da Proposta de Emenda \u00e0 Constitui\u00e7\u00e3o (PEC) que limita o aumento de gastos foi a grande virada pela qual o governo estava esperando.<\/p>\n<p>&nbsp;<\/p>\n<p>Agora, com a queda dos juros, a infla\u00e7\u00e3o corrente mais condizente com a meta anual de 4,5% e o ajuste fiscal saindo do campo da promessa \u00e9 se tornando realidade, tudo ficar\u00e1 mais f\u00e1cil. Nesse contexto, se participasse da reuni\u00e3o do Comit\u00ea de Pol\u00edtica Monet\u00e1ria (Copom) que come\u00e7ou hoje e termina amanh\u00e3, Meirelles votaria, sem medo, pelo corte de 0,5 ponto percentual nos juros, de 14,25% para 13,75%.<\/p>\n<p>&nbsp;<\/p>\n<p><i>Bras\u00edlia, 15h31min<\/i><\/p>\n","protected":false},"excerpt":{"rendered":"<p>POR ANTONIO TEM\u00d3TEO &nbsp; O ministro da Fazenda, Henrique Meirelles, e o presidente do Banco Central, Ilan Goldfajn, falaram de tudo hoje em um animado aomo\u00e7o, mas nada deu tanto prazer a eles quanto a perspectiva de queda da taxa b\u00e1sica de juros (Selic) a partir desta quarta-feira. &nbsp; Ilan tra\u00e7ou um quadro muito favor\u00e1vel [&hellip;]<\/p>\n","protected":false},"author":22,"featured_media":0,"comment_status":"open","ping_status":"closed","sticky":false,"template":"","format":"standard","meta":{"footnotes":""},"categories":[600],"tags":[1411,1412,3,1410,21,107,4,19,1409],"class_list":["post-3453","post","type-post","status-publish","format-standard","hentry","category-economia","tag-25-para-13","tag-1412","tag-banco-central","tag-copom-14","tag-henrique-meirelles","tag-ilan-goldfajn","tag-juros","tag-ministerio-da-fazenda","tag-taxa-selic"],"_links":{"self":[{"href":"https:\/\/blogs.correiobraziliense.com.br\/vicente\/wp-json\/wp\/v2\/posts\/3453","targetHints":{"allow":["GET"]}}],"collection":[{"href":"https:\/\/blogs.correiobraziliense.com.br\/vicente\/wp-json\/wp\/v2\/posts"}],"about":[{"href":"https:\/\/blogs.correiobraziliense.com.br\/vicente\/wp-json\/wp\/v2\/types\/post"}],"author":[{"embeddable":true,"href":"https:\/\/blogs.correiobraziliense.com.br\/vicente\/wp-json\/wp\/v2\/users\/22"}],"replies":[{"embeddable":true,"href":"https:\/\/blogs.correiobraziliense.com.br\/vicente\/wp-json\/wp\/v2\/comments?post=3453"}],"version-history":[{"count":1,"href":"https:\/\/blogs.correiobraziliense.com.br\/vicente\/wp-json\/wp\/v2\/posts\/3453\/revisions"}],"predecessor-version":[{"id":3454,"href":"https:\/\/blogs.correiobraziliense.com.br\/vicente\/wp-json\/wp\/v2\/posts\/3453\/revisions\/3454"}],"wp:attachment":[{"href":"https:\/\/blogs.correiobraziliense.com.br\/vicente\/wp-json\/wp\/v2\/media?parent=3453"}],"wp:term":[{"taxonomy":"category","embeddable":true,"href":"https:\/\/blogs.correiobraziliense.com.br\/vicente\/wp-json\/wp\/v2\/categories?post=3453"},{"taxonomy":"post_tag","embeddable":true,"href":"https:\/\/blogs.correiobraziliense.com.br\/vicente\/wp-json\/wp\/v2\/tags?post=3453"}],"curies":[{"name":"wp","href":"https:\/\/api.w.org\/{rel}","templated":true}]}}