{"id":3448,"date":"2016-10-14T17:06:48","date_gmt":"2016-10-14T20:06:48","guid":{"rendered":"https:\/\/blogs.correiobraziliense.com.br\/vicente\/?p=3448"},"modified":"2016-10-14T17:08:55","modified_gmt":"2016-10-14T20:08:55","slug":"bradesco-e-itau-unibanco-divergem-sobre-tamanho-do-corte-de-juros","status":"publish","type":"post","link":"https:\/\/blogs.correiobraziliense.com.br\/vicente\/bradesco-e-itau-unibanco-divergem-sobre-tamanho-do-corte-de-juros\/","title":{"rendered":"Bradesco e Ita\u00fa Unibanco divergem sobre tamanho do corte de juros"},"content":{"rendered":"<p>POR ANTONIO TEM\u00d3TEO<\/p>\n<p>&nbsp;<\/p>\n<p>Os dois maiores bancos privados do Brasil avaliam que o Banco Central (BC) iniciar\u00e1 o ciclo de corte de juros na pr\u00f3xima reuni\u00e3o do Comit\u00ea de Pol\u00edtica Monet\u00e1ria (Copom), marcada para 18 e 19 de outubro. Entretanto, o Bradesco aposta em uma queda de 0,5 ponto percentual, enquanto que o Ita\u00fa Unibanco estima uma diminui\u00e7\u00e3o de 0,25 ponto percentual.<\/p>\n<p>&nbsp;<\/p>\n<p class=\"p1\">Para o diretor de Pesquisas e Estudos Econ\u00f4micos do Bradesco, Octavio de Barros, as condi\u00e7\u00f5es para o in\u00edcio do ciclo de flexibiliza\u00e7\u00e3o da taxa de juros foram alcan\u00e7adas, com a melhora das expectativas para 2017, a desinfla\u00e7\u00e3o em curso dos pre\u00e7os de servi\u00e7os, a desacelera\u00e7\u00e3o da infla\u00e7\u00e3o no curto prazo e o avan\u00e7o do ajuste fiscal.<\/p>\n<p class=\"p1\">\n<p class=\"p1\">\n<p class=\"p1\">Na avalia\u00e7\u00e3o do Ita\u00fa, um movimento mais agressivo, de corte de 0,50 p.p.,parece inconsistente com a comunica\u00e7\u00e3o recente do Banco Central e com as proje\u00e7\u00f5es apresentadas no \u00faltimo Relat\u00f3rio de Infla\u00e7\u00e3o. Al\u00e9m disso, a institui\u00e7\u00e3o financeira relembra que o grau de incerteza remanescente tanto sobre o processo de ajuste fiscal quanto sobre o ritmo da desinfla\u00e7\u00e3o de servi\u00e7os adicionam riscos a esse processo.<\/p>\n","protected":false},"excerpt":{"rendered":"<p>POR ANTONIO TEM\u00d3TEO &nbsp; Os dois maiores bancos privados do Brasil avaliam que o Banco Central (BC) iniciar\u00e1 o ciclo de corte de juros na pr\u00f3xima reuni\u00e3o do Comit\u00ea de Pol\u00edtica Monet\u00e1ria (Copom), marcada para 18 e 19 de outubro. Entretanto, o Bradesco aposta em uma queda de 0,5 ponto percentual, enquanto que o Ita\u00fa [&hellip;]<\/p>\n","protected":false},"author":22,"featured_media":0,"comment_status":"open","ping_status":"closed","sticky":false,"template":"","format":"standard","meta":{"footnotes":""},"categories":[600],"tags":[3,106,491,99,1212,4,34],"class_list":["post-3448","post","type-post","status-publish","format-standard","hentry","category-economia","tag-banco-central","tag-bc","tag-bradesco","tag-copom","tag-itau-unibanco","tag-juros","tag-selic"],"_links":{"self":[{"href":"https:\/\/blogs.correiobraziliense.com.br\/vicente\/wp-json\/wp\/v2\/posts\/3448","targetHints":{"allow":["GET"]}}],"collection":[{"href":"https:\/\/blogs.correiobraziliense.com.br\/vicente\/wp-json\/wp\/v2\/posts"}],"about":[{"href":"https:\/\/blogs.correiobraziliense.com.br\/vicente\/wp-json\/wp\/v2\/types\/post"}],"author":[{"embeddable":true,"href":"https:\/\/blogs.correiobraziliense.com.br\/vicente\/wp-json\/wp\/v2\/users\/22"}],"replies":[{"embeddable":true,"href":"https:\/\/blogs.correiobraziliense.com.br\/vicente\/wp-json\/wp\/v2\/comments?post=3448"}],"version-history":[{"count":2,"href":"https:\/\/blogs.correiobraziliense.com.br\/vicente\/wp-json\/wp\/v2\/posts\/3448\/revisions"}],"predecessor-version":[{"id":3450,"href":"https:\/\/blogs.correiobraziliense.com.br\/vicente\/wp-json\/wp\/v2\/posts\/3448\/revisions\/3450"}],"wp:attachment":[{"href":"https:\/\/blogs.correiobraziliense.com.br\/vicente\/wp-json\/wp\/v2\/media?parent=3448"}],"wp:term":[{"taxonomy":"category","embeddable":true,"href":"https:\/\/blogs.correiobraziliense.com.br\/vicente\/wp-json\/wp\/v2\/categories?post=3448"},{"taxonomy":"post_tag","embeddable":true,"href":"https:\/\/blogs.correiobraziliense.com.br\/vicente\/wp-json\/wp\/v2\/tags?post=3448"}],"curies":[{"name":"wp","href":"https:\/\/api.w.org\/{rel}","templated":true}]}}