{"id":3446,"date":"2016-10-14T16:20:49","date_gmt":"2016-10-14T19:20:49","guid":{"rendered":"https:\/\/blogs.correiobraziliense.com.br\/vicente\/?p=3446"},"modified":"2016-10-14T16:20:49","modified_gmt":"2016-10-14T19:20:49","slug":"justica-homologa-acordo-entre-walter-torre-e-mpf","status":"publish","type":"post","link":"https:\/\/blogs.correiobraziliense.com.br\/vicente\/justica-homologa-acordo-entre-walter-torre-e-mpf\/","title":{"rendered":"Justi\u00e7a homologa acordo entre Walter Torre e MPF"},"content":{"rendered":"<p>POR ANTONIO TEM\u00d3TEO<\/p>\n<p>&nbsp;<\/p>\n<p>O juiz federal Vallisney Oliveira, titular da 10\u00aa Vara Federal, homologou o acordo firmado entre Walter Torre J\u00fanior,\u00a0dono da construtora WTorre, o Minist\u00e9rio P\u00fablico Federal (MPF) e com a Pol\u00edcia Federal (PF). Ele se comprometeu a apresentar garantias de R$ 500 milh\u00f5es para cobrir poss\u00edveis preju\u00edzos que a Funcef, fundo de pens\u00e3o dos empregados da Caixa Econ\u00f4mica Federal, teve com o FIP RG Estaleiros e que s\u00e3o investigados pela Opera\u00e7\u00e3o Greenfield.<\/p>\n<p>&nbsp;<\/p>\n<p>O documento assinado pelas partes explicita que esses recursos correspondem a integralidade das cotas que Torre possui na empresa\u00a0WAll-T Participa\u00e7\u00f5es Eireli. Essa companhia tamb\u00e9m fica proibida de distribuir dividendos at\u00e9 o fim das investiga\u00e7\u00f5es da Greenfield. O empres\u00e1rio ter\u00e1 direito apenas a um pro-labore mensal de R$ 40 mil.<\/p>\n<p>&nbsp;<\/p>\n<p class=\"p1\">A assinatura do acordo n\u00e3o significa reconhecimento de culpa ou de responsabilidade c\u00edvel ou criminal. Torre ter\u00e1 de comparecer, independente de intima\u00e7\u00e3o formal ou de previ comunica\u00e7\u00e3o, perante ao MPF e a Pol\u00edcia Federal para prestar esclarecimentos adicionais sempre e quando for solicitado, ainda que informalmente.<\/p>\n<p class=\"p1\">\n<p class=\"p1\">A WTorre tamb\u00e9m ter\u00e1 de orientar diretores, funcion\u00e1rios e prepostos a cumprir as mesmas determina\u00e7\u00f5es. Al\u00e9m disso, devem apresentar todos os documentos e informa\u00e7\u00f5es que venham a ser solicitadas pelo investigadores.<\/p>\n<p>&nbsp;<\/p>\n<p class=\"p1\">At\u00e9 o momento, o Minist\u00e9rio P\u00fablico e a PF j\u00e1 firmaram acordo com sete empresas e 19 pessoas. Com isso, foram garantidos R$ 2,2 bilh\u00f5es para cobrir poss\u00edveis preju\u00edzos que os fundos de pens\u00e3o tiveram com as aplica\u00e7\u00f5es nos fundo de investimento em participa\u00e7\u00e3o. O montante sobe para R$ 2,7 bilh\u00f5es com o acordo homologado pela Justi\u00e7a.<\/p>\n","protected":false},"excerpt":{"rendered":"<p>POR ANTONIO TEM\u00d3TEO &nbsp; O juiz federal Vallisney Oliveira, titular da 10\u00aa Vara Federal, homologou o acordo firmado entre Walter Torre J\u00fanior,\u00a0dono da construtora WTorre, o Minist\u00e9rio P\u00fablico Federal (MPF) e com a Pol\u00edcia Federal (PF). Ele se comprometeu a apresentar garantias de R$ 500 milh\u00f5es para cobrir poss\u00edveis preju\u00edzos que a Funcef, fundo de [&hellip;]<\/p>\n","protected":false},"author":22,"featured_media":0,"comment_status":"open","ping_status":"closed","sticky":false,"template":"","format":"standard","meta":{"footnotes":""},"categories":[600],"tags":[974,1403,282,1400,271,1398,1397],"class_list":["post-3446","post","type-post","status-publish","format-standard","hentry","category-economia","tag-acordo","tag-greenfield","tag-justica","tag-mpf","tag-pf","tag-walter-torre-junior","tag-wtorre"],"_links":{"self":[{"href":"https:\/\/blogs.correiobraziliense.com.br\/vicente\/wp-json\/wp\/v2\/posts\/3446","targetHints":{"allow":["GET"]}}],"collection":[{"href":"https:\/\/blogs.correiobraziliense.com.br\/vicente\/wp-json\/wp\/v2\/posts"}],"about":[{"href":"https:\/\/blogs.correiobraziliense.com.br\/vicente\/wp-json\/wp\/v2\/types\/post"}],"author":[{"embeddable":true,"href":"https:\/\/blogs.correiobraziliense.com.br\/vicente\/wp-json\/wp\/v2\/users\/22"}],"replies":[{"embeddable":true,"href":"https:\/\/blogs.correiobraziliense.com.br\/vicente\/wp-json\/wp\/v2\/comments?post=3446"}],"version-history":[{"count":1,"href":"https:\/\/blogs.correiobraziliense.com.br\/vicente\/wp-json\/wp\/v2\/posts\/3446\/revisions"}],"predecessor-version":[{"id":3447,"href":"https:\/\/blogs.correiobraziliense.com.br\/vicente\/wp-json\/wp\/v2\/posts\/3446\/revisions\/3447"}],"wp:attachment":[{"href":"https:\/\/blogs.correiobraziliense.com.br\/vicente\/wp-json\/wp\/v2\/media?parent=3446"}],"wp:term":[{"taxonomy":"category","embeddable":true,"href":"https:\/\/blogs.correiobraziliense.com.br\/vicente\/wp-json\/wp\/v2\/categories?post=3446"},{"taxonomy":"post_tag","embeddable":true,"href":"https:\/\/blogs.correiobraziliense.com.br\/vicente\/wp-json\/wp\/v2\/tags?post=3446"}],"curies":[{"name":"wp","href":"https:\/\/api.w.org\/{rel}","templated":true}]}}