{"id":3431,"date":"2016-10-13T10:05:32","date_gmt":"2016-10-13T13:05:32","guid":{"rendered":"https:\/\/blogs.correiobraziliense.com.br\/vicente\/?p=3431"},"modified":"2016-10-13T12:53:55","modified_gmt":"2016-10-13T15:53:55","slug":"para-planalto-reestruturacao-do-banco-do-brasil-nao-tem-nada-ver-com-privatizacao","status":"publish","type":"post","link":"https:\/\/blogs.correiobraziliense.com.br\/vicente\/para-planalto-reestruturacao-do-banco-do-brasil-nao-tem-nada-ver-com-privatizacao\/","title":{"rendered":"Para Planalto, reestrutura\u00e7\u00e3o do Banco do Brasil n\u00e3o tem nada a ver com privatiza\u00e7\u00e3o"},"content":{"rendered":"<p>POR ANTONIO TEM\u00d3TEO<\/p>\n<p>&nbsp;<\/p>\n<p>Assessores do presidente Michel Temer dizem que o processo de reestrutura\u00e7\u00e3o do Banco do Brasil, detalhado pelo <b>Blog<\/b>, \u00e9 importante, mas nada tem a ver com um desejo de privatizar a institui\u00e7\u00e3o, como v\u00eam alegando alguns petistas. &#8220;A reestrutura\u00e7\u00e3o do BB, com menos diretorias, tem a ver exclusivamente com a necessidade do banco de se tornar mais competitivo ante seus principais concorrentes, o Bradesco e o Ita\u00fa Unibanco&#8221;, diz um dos assessores.<\/p>\n<p>&nbsp;<\/p>\n<p>Para o Pal\u00e1cio, o presidente do BB, Paulo Rog\u00e9rio Caffarelli, est\u00e1 fazendo um trabalho t\u00e9cnico de excelente qualidade. Mas ser\u00e1 importante que ele d\u00ea transpar\u00eancia ao processo de reestrutura\u00e7\u00e3o para que n\u00e3o haja ru\u00eddos desnecess\u00e1rios. &#8220;Qualquer coisa envolvendo o Banco do Brasil gera pol\u00eamica. Ent\u00e3o, a transpar\u00eancia ser\u00e1 importante para n\u00e3o dar muni\u00e7\u00e3o a pessoas maldosas&#8221;, frisa o mesmo assessor.<\/p>\n<p>&nbsp;<\/p>\n<p>Para se ter uma ideia de como a reestrutura\u00e7\u00e3o do BB \u00e9 importante, a folha de sal\u00e1rios da institui\u00e7\u00e3o custa, por ano, R$ 3 bilh\u00f5es a mais que as do Bradesco e do Ita\u00fa Unibanco. Isso n\u00e3o quer dizer que haver\u00e1 demiss\u00f5es no banco.\u00a0A meta \u00e9 enxugar a estrutura, para torn\u00e1-la mais eficiente e mais rent\u00e1vel, por meio de um programa de demiss\u00e3o volunt\u00e1ria (PDV) com incentivo \u00e0 aposentadoria.<\/p>\n<p>&nbsp;<\/p>\n<p>O BB ficou muito inchado durante as gest\u00f5es petistas. Sua rentabilidade caiu \u00e0 metade, para cerca de 7%. Nos grandes bancos privados, o retorno m\u00e9dio sobre o patrim\u00f4nio chega a 14%.<\/p>\n<p>&nbsp;<\/p>\n<p>O governo quer, com a reestrutura\u00e7\u00e3o do BB, evitar que o Tesouro Nacional seja obrigado a socorrer a institui\u00e7\u00e3o. Analistas dizem que, do jeito que o banco est\u00e1 hoje, n\u00e3o haver\u00e1 necessidade de capitaliza\u00e7\u00e3o do BB at\u00e9 o fim de 2017.<\/p>\n<p>&nbsp;<\/p>\n<p><i>Bras\u00edlia, 10h05min<\/i><\/p>\n","protected":false},"excerpt":{"rendered":"<p>POR ANTONIO TEM\u00d3TEO &nbsp; Assessores do presidente Michel Temer dizem que o processo de reestrutura\u00e7\u00e3o do Banco do Brasil, detalhado pelo Blog, \u00e9 importante, mas nada tem a ver com um desejo de privatizar a institui\u00e7\u00e3o, como v\u00eam alegando alguns petistas. &#8220;A reestrutura\u00e7\u00e3o do BB, com menos diretorias, tem a ver exclusivamente com a necessidade [&hellip;]<\/p>\n","protected":false},"author":22,"featured_media":0,"comment_status":"open","ping_status":"closed","sticky":false,"template":"","format":"standard","meta":{"footnotes":""},"categories":[600],"tags":[229,491,1393,1170,1212,111,1396,540,1395,1394,295],"class_list":["post-3431","post","type-post","status-publish","format-standard","hentry","category-economia","tag-banco-do-brasil","tag-bradesco","tag-discurso-de-petista","tag-folha-de-salarios","tag-itau-unibanco","tag-michel-temer","tag-pdv","tag-privatizacao","tag-programa-de-demissao-voluntaria","tag-r-3-bilhoes","tag-reestruturacao"],"_links":{"self":[{"href":"https:\/\/blogs.correiobraziliense.com.br\/vicente\/wp-json\/wp\/v2\/posts\/3431","targetHints":{"allow":["GET"]}}],"collection":[{"href":"https:\/\/blogs.correiobraziliense.com.br\/vicente\/wp-json\/wp\/v2\/posts"}],"about":[{"href":"https:\/\/blogs.correiobraziliense.com.br\/vicente\/wp-json\/wp\/v2\/types\/post"}],"author":[{"embeddable":true,"href":"https:\/\/blogs.correiobraziliense.com.br\/vicente\/wp-json\/wp\/v2\/users\/22"}],"replies":[{"embeddable":true,"href":"https:\/\/blogs.correiobraziliense.com.br\/vicente\/wp-json\/wp\/v2\/comments?post=3431"}],"version-history":[{"count":3,"href":"https:\/\/blogs.correiobraziliense.com.br\/vicente\/wp-json\/wp\/v2\/posts\/3431\/revisions"}],"predecessor-version":[{"id":3434,"href":"https:\/\/blogs.correiobraziliense.com.br\/vicente\/wp-json\/wp\/v2\/posts\/3431\/revisions\/3434"}],"wp:attachment":[{"href":"https:\/\/blogs.correiobraziliense.com.br\/vicente\/wp-json\/wp\/v2\/media?parent=3431"}],"wp:term":[{"taxonomy":"category","embeddable":true,"href":"https:\/\/blogs.correiobraziliense.com.br\/vicente\/wp-json\/wp\/v2\/categories?post=3431"},{"taxonomy":"post_tag","embeddable":true,"href":"https:\/\/blogs.correiobraziliense.com.br\/vicente\/wp-json\/wp\/v2\/tags?post=3431"}],"curies":[{"name":"wp","href":"https:\/\/api.w.org\/{rel}","templated":true}]}}