{"id":3426,"date":"2016-10-12T17:52:15","date_gmt":"2016-10-12T20:52:15","guid":{"rendered":"https:\/\/blogs.correiobraziliense.com.br\/vicente\/?p=3426"},"modified":"2016-10-12T18:11:59","modified_gmt":"2016-10-12T21:11:59","slug":"bb-diz-que-mantera-minha-casa-minha-vida-e-nao-trabalha-com-hipotese-de-demissoes","status":"publish","type":"post","link":"https:\/\/blogs.correiobraziliense.com.br\/vicente\/bb-diz-que-mantera-minha-casa-minha-vida-e-nao-trabalha-com-hipotese-de-demissoes\/","title":{"rendered":"BB diz que manter\u00e1 Minha Casa, Minha Vida e n\u00e3o trabalha com hip\u00f3tese de demiss\u00f5es"},"content":{"rendered":"<p>POR ANTONIO TEM\u00d3TEO<\/p>\n<p>&nbsp;<\/p>\n<p>O Banco do Brasil garante que manter\u00e1 os financiamentos de im\u00f3veis por meio do programa Minha Casa, Minha Vida, apesar da extin\u00e7\u00e3o da diretoria de Cr\u00e9dito Imobili\u00e1rio dentro da reestrutura\u00e7\u00e3o pela qual a institui\u00e7\u00e3o est\u00e1 passando.<\/p>\n<p>&nbsp;<\/p>\n<p>O BB tamb\u00e9m afirma que as mudan\u00e7as em sua estrutura n\u00e3o contemplam demiss\u00e3o de funcion\u00e1rios. H\u00e1 rumores dentro da institui\u00e7\u00e3o de que um programa de demiss\u00e3o volunt\u00e1ria (PDV) ter\u00e1 como objetivo reduzir o quadro de empregados\u00a0em 18 mil pessoas. Segundo o BB, isso n\u00e3o est\u00e1 contemplado por ora.<\/p>\n<p>&nbsp;<\/p>\n<p>Uma das op\u00e7\u00f5es para reduzir a folha de sal\u00e1rio do BB seria n\u00e3o preencher as vagas de funcion\u00e1rios que se aposentarem nos pr\u00f3ximos anos. Tamb\u00e9m poderia haver incentivos \u00e0 aposentadoria. Mas mesmo essas alternativas ainda n\u00e3o est\u00e3o colocadas na mesa.<\/p>\n<p>&nbsp;<\/p>\n<p>A reestrutura\u00e7\u00e3o pela qual passa a BB tem por objetivo aumentar a rentabilidade da institui\u00e7\u00e3o, que gira hoje em torno de 7%, metade do \u00edndice observado por Bradesco e Ita\u00fa Unibanco, seus correntes diretos.<\/p>\n<p>&nbsp;<\/p>\n<p><i>Bras\u00edlia, 17h52min<\/i><\/p>\n","protected":false},"excerpt":{"rendered":"<p>POR ANTONIO TEM\u00d3TEO &nbsp; O Banco do Brasil garante que manter\u00e1 os financiamentos de im\u00f3veis por meio do programa Minha Casa, Minha Vida, apesar da extin\u00e7\u00e3o da diretoria de Cr\u00e9dito Imobili\u00e1rio dentro da reestrutura\u00e7\u00e3o pela qual a institui\u00e7\u00e3o est\u00e1 passando. &nbsp; O BB tamb\u00e9m afirma que as mudan\u00e7as em sua estrutura n\u00e3o contemplam demiss\u00e3o de [&hellip;]<\/p>\n","protected":false},"author":22,"featured_media":0,"comment_status":"open","ping_status":"closed","sticky":false,"template":"","format":"standard","meta":{"footnotes":""},"categories":[600],"tags":[430,229,1390,1376,1377,1382,295],"class_list":["post-3426","post","type-post","status-publish","format-standard","hentry","category-economia","tag-aposentadoria","tag-banco-do-brasil","tag-enxugamento","tag-minha-casa","tag-minha-vida","tag-plano-de-demissao-voluntaria","tag-reestruturacao"],"_links":{"self":[{"href":"https:\/\/blogs.correiobraziliense.com.br\/vicente\/wp-json\/wp\/v2\/posts\/3426","targetHints":{"allow":["GET"]}}],"collection":[{"href":"https:\/\/blogs.correiobraziliense.com.br\/vicente\/wp-json\/wp\/v2\/posts"}],"about":[{"href":"https:\/\/blogs.correiobraziliense.com.br\/vicente\/wp-json\/wp\/v2\/types\/post"}],"author":[{"embeddable":true,"href":"https:\/\/blogs.correiobraziliense.com.br\/vicente\/wp-json\/wp\/v2\/users\/22"}],"replies":[{"embeddable":true,"href":"https:\/\/blogs.correiobraziliense.com.br\/vicente\/wp-json\/wp\/v2\/comments?post=3426"}],"version-history":[{"count":1,"href":"https:\/\/blogs.correiobraziliense.com.br\/vicente\/wp-json\/wp\/v2\/posts\/3426\/revisions"}],"predecessor-version":[{"id":3427,"href":"https:\/\/blogs.correiobraziliense.com.br\/vicente\/wp-json\/wp\/v2\/posts\/3426\/revisions\/3427"}],"wp:attachment":[{"href":"https:\/\/blogs.correiobraziliense.com.br\/vicente\/wp-json\/wp\/v2\/media?parent=3426"}],"wp:term":[{"taxonomy":"category","embeddable":true,"href":"https:\/\/blogs.correiobraziliense.com.br\/vicente\/wp-json\/wp\/v2\/categories?post=3426"},{"taxonomy":"post_tag","embeddable":true,"href":"https:\/\/blogs.correiobraziliense.com.br\/vicente\/wp-json\/wp\/v2\/tags?post=3426"}],"curies":[{"name":"wp","href":"https:\/\/api.w.org\/{rel}","templated":true}]}}