{"id":3412,"date":"2016-10-11T20:29:35","date_gmt":"2016-10-11T23:29:35","guid":{"rendered":"https:\/\/blogs.correiobraziliense.com.br\/vicente\/?p=3412"},"modified":"2016-10-11T21:39:04","modified_gmt":"2016-10-12T00:39:04","slug":"banco-do-brasil-prestara-contas-de-reestruturacao-secretaria-do-tesouro","status":"publish","type":"post","link":"https:\/\/blogs.correiobraziliense.com.br\/vicente\/banco-do-brasil-prestara-contas-de-reestruturacao-secretaria-do-tesouro\/","title":{"rendered":"Banco do Brasil prestar\u00e1 contas de reestrutura\u00e7\u00e3o \u00e0 secret\u00e1ria do Tesouro"},"content":{"rendered":"<p>POR ANTONIO TEM\u00d3TEO<\/p>\n<p>&nbsp;<\/p>\n<p>A diretoria do Banco do Brasil detalhar\u00e1, na pr\u00f3xima quinta-feira, 13, todo o processo de reestrutura\u00e7\u00e3o da institui\u00e7\u00e3o para a secret\u00e1ria do Tesouro Nacional, Ana Paula Vescovi. O enxugamento do banco e o seu reposicionamento no mercado v\u00eam sendo estruturados h\u00e1 pelo menos dois meses.<\/p>\n<p>&nbsp;<\/p>\n<p>A secret\u00e1ria do Tesouro \u00e9 veementemente contra um socorro ao BB e \u00e0s demais estatais. Para ela, antes de receber aportes do governo, as empresas p\u00fablicas devem enxugar estruturas e vender ativos. Com a situa\u00e7\u00e3o das contas p\u00fablicas, que est\u00e3o em frangalhos, n\u00e3o h\u00e1 espa\u00e7o para capitaliza\u00e7\u00e3o de empresas.<\/p>\n<p>&nbsp;<\/p>\n<p><i>Bras\u00edlia, 20h29min<\/i><\/p>\n","protected":false},"excerpt":{"rendered":"<p>POR ANTONIO TEM\u00d3TEO &nbsp; A diretoria do Banco do Brasil detalhar\u00e1, na pr\u00f3xima quinta-feira, 13, todo o processo de reestrutura\u00e7\u00e3o da institui\u00e7\u00e3o para a secret\u00e1ria do Tesouro Nacional, Ana Paula Vescovi. O enxugamento do banco e o seu reposicionamento no mercado v\u00eam sendo estruturados h\u00e1 pelo menos dois meses. &nbsp; A secret\u00e1ria do Tesouro \u00e9 [&hellip;]<\/p>\n","protected":false},"author":22,"featured_media":0,"comment_status":"open","ping_status":"closed","sticky":false,"template":"","format":"standard","meta":{"footnotes":""},"categories":[600],"tags":[1046,229,225,1384,121],"class_list":["post-3412","post","type-post","status-publish","format-standard","hentry","category-economia","tag-ana-paula-vescovi","tag-banco-do-brasil","tag-capitalizacao","tag-socorro-a-estatais","tag-tesouro-nacional"],"_links":{"self":[{"href":"https:\/\/blogs.correiobraziliense.com.br\/vicente\/wp-json\/wp\/v2\/posts\/3412","targetHints":{"allow":["GET"]}}],"collection":[{"href":"https:\/\/blogs.correiobraziliense.com.br\/vicente\/wp-json\/wp\/v2\/posts"}],"about":[{"href":"https:\/\/blogs.correiobraziliense.com.br\/vicente\/wp-json\/wp\/v2\/types\/post"}],"author":[{"embeddable":true,"href":"https:\/\/blogs.correiobraziliense.com.br\/vicente\/wp-json\/wp\/v2\/users\/22"}],"replies":[{"embeddable":true,"href":"https:\/\/blogs.correiobraziliense.com.br\/vicente\/wp-json\/wp\/v2\/comments?post=3412"}],"version-history":[{"count":1,"href":"https:\/\/blogs.correiobraziliense.com.br\/vicente\/wp-json\/wp\/v2\/posts\/3412\/revisions"}],"predecessor-version":[{"id":3413,"href":"https:\/\/blogs.correiobraziliense.com.br\/vicente\/wp-json\/wp\/v2\/posts\/3412\/revisions\/3413"}],"wp:attachment":[{"href":"https:\/\/blogs.correiobraziliense.com.br\/vicente\/wp-json\/wp\/v2\/media?parent=3412"}],"wp:term":[{"taxonomy":"category","embeddable":true,"href":"https:\/\/blogs.correiobraziliense.com.br\/vicente\/wp-json\/wp\/v2\/categories?post=3412"},{"taxonomy":"post_tag","embeddable":true,"href":"https:\/\/blogs.correiobraziliense.com.br\/vicente\/wp-json\/wp\/v2\/tags?post=3412"}],"curies":[{"name":"wp","href":"https:\/\/api.w.org\/{rel}","templated":true}]}}