{"id":3406,"date":"2016-10-11T19:31:48","date_gmt":"2016-10-11T22:31:48","guid":{"rendered":"https:\/\/blogs.correiobraziliense.com.br\/vicente\/?p=3406"},"modified":"2016-10-11T21:09:48","modified_gmt":"2016-10-12T00:09:48","slug":"banco-do-brasil-quer-afastar-risco-de-receber-socorro-do-tesouro-partir-de-2018","status":"publish","type":"post","link":"https:\/\/blogs.correiobraziliense.com.br\/vicente\/banco-do-brasil-quer-afastar-risco-de-receber-socorro-do-tesouro-partir-de-2018\/","title":{"rendered":"Banco do Brasil quer afastar risco de receber socorro do Tesouro a partir de 2018"},"content":{"rendered":"<p>POR ANTONIO TEM\u00d3TEO<\/p>\n<p>&nbsp;<\/p>\n<p>N\u00e3o \u00e9 \u00e0 toa que o presidente do Banco do Brasil, Paulo Rog\u00e9rio Caffarelli, est\u00e1 correndo contra o tempo para enxugar a estrutura da institui\u00e7\u00e3o e torn\u00e1-la mais rent\u00e1vel. Ele quer afastar a necessidade de o BB ser socorrido pelo Tesouro Nacional a partir de 2018.<\/p>\n<p>&nbsp;<\/p>\n<p>Da forma como est\u00e1 hoje, o BB s\u00f3 ficar\u00e1 enquadrado no acordo da Basileia at\u00e9 o fim de 2017. A partir da\u00ed, a institui\u00e7\u00e3o teria que ser capitalizada pelo Tesouro Nacional, o que o ministro da Fazenda, Henrique Meirrelles, recha\u00e7a por completo.<\/p>\n<p>&nbsp;<\/p>\n<p>Por lei, os bancos devem ter, no m\u00ednimo, uma reserva correspondente a 11% de seu patrim\u00f4nio. \u00c9 uma forma de evitar o risco de quebra. No Brasil, esse limite \u00e9 maior que a m\u00e9dia mundial, de 8%, definida por meio de um acordo internacional firmado na Basileia, Su\u00ed\u00e7a.<\/p>\n<p>&nbsp;<\/p>\n<p>Olhando hoje, o patrim\u00f4nio de refer\u00eancia do Banco do Brasil est\u00e1 se aproximando do m\u00ednimo de 11%. Caso acelere os empr\u00e9stimos nos pr\u00f3ximos meses sem um refor\u00e7o da capital, chegar\u00e1 ao limite definido de Banco Central.<\/p>\n<p>&nbsp;<\/p>\n<p><i>Bras\u00edlia, 19h31min<\/i><\/p>\n","protected":false},"excerpt":{"rendered":"<p>POR ANTONIO TEM\u00d3TEO &nbsp; N\u00e3o \u00e9 \u00e0 toa que o presidente do Banco do Brasil, Paulo Rog\u00e9rio Caffarelli, est\u00e1 correndo contra o tempo para enxugar a estrutura da institui\u00e7\u00e3o e torn\u00e1-la mais rent\u00e1vel. Ele quer afastar a necessidade de o BB ser socorrido pelo Tesouro Nacional a partir de 2018. &nbsp; Da forma como est\u00e1 [&hellip;]<\/p>\n","protected":false},"author":22,"featured_media":0,"comment_status":"open","ping_status":"closed","sticky":false,"template":"","format":"standard","meta":{"footnotes":""},"categories":[600],"tags":[229,225,21,19,1383,1090,295,226,121],"class_list":["post-3406","post","type-post","status-publish","format-standard","hentry","category-economia","tag-banco-do-brasil","tag-capitalizacao","tag-henrique-meirelles","tag-ministerio-da-fazenda","tag-mudancas-da-estrutura-do-banco","tag-paulo-rogerio-caffarelli","tag-reestruturacao","tag-socorro","tag-tesouro-nacional"],"_links":{"self":[{"href":"https:\/\/blogs.correiobraziliense.com.br\/vicente\/wp-json\/wp\/v2\/posts\/3406","targetHints":{"allow":["GET"]}}],"collection":[{"href":"https:\/\/blogs.correiobraziliense.com.br\/vicente\/wp-json\/wp\/v2\/posts"}],"about":[{"href":"https:\/\/blogs.correiobraziliense.com.br\/vicente\/wp-json\/wp\/v2\/types\/post"}],"author":[{"embeddable":true,"href":"https:\/\/blogs.correiobraziliense.com.br\/vicente\/wp-json\/wp\/v2\/users\/22"}],"replies":[{"embeddable":true,"href":"https:\/\/blogs.correiobraziliense.com.br\/vicente\/wp-json\/wp\/v2\/comments?post=3406"}],"version-history":[{"count":3,"href":"https:\/\/blogs.correiobraziliense.com.br\/vicente\/wp-json\/wp\/v2\/posts\/3406\/revisions"}],"predecessor-version":[{"id":3411,"href":"https:\/\/blogs.correiobraziliense.com.br\/vicente\/wp-json\/wp\/v2\/posts\/3406\/revisions\/3411"}],"wp:attachment":[{"href":"https:\/\/blogs.correiobraziliense.com.br\/vicente\/wp-json\/wp\/v2\/media?parent=3406"}],"wp:term":[{"taxonomy":"category","embeddable":true,"href":"https:\/\/blogs.correiobraziliense.com.br\/vicente\/wp-json\/wp\/v2\/categories?post=3406"},{"taxonomy":"post_tag","embeddable":true,"href":"https:\/\/blogs.correiobraziliense.com.br\/vicente\/wp-json\/wp\/v2\/tags?post=3406"}],"curies":[{"name":"wp","href":"https:\/\/api.w.org\/{rel}","templated":true}]}}