{"id":340,"date":"2015-12-15T05:10:35","date_gmt":"2015-12-15T07:10:35","guid":{"rendered":"https:\/\/blogs.correiobraziliense.com.br\/vicente\/?p=340"},"modified":"2015-12-15T11:28:34","modified_gmt":"2015-12-15T13:28:34","slug":"rufando-os-tambores","status":"publish","type":"post","link":"https:\/\/blogs.correiobraziliense.com.br\/vicente\/rufando-os-tambores\/","title":{"rendered":"RUFANDO OS TAMBORES"},"content":{"rendered":"<p>Tem gente no Minist\u00e9rio do Planejamento pronta para rufar os tambores com a sa\u00edda de Joaquim Levy do minist\u00e9rio da Fazenda. \u201cSer\u00e1 muita humilha\u00e7\u00e3o ele ficar depois de dizer que estava fora se a meta fiscal de 2016 for reduzida\u201d, diz um t\u00e9cnico do governo. &#8220;E tudo indica que a meta ser\u00e1 diminu\u00edda&#8221;, emenda.<\/p>\n<p>&nbsp;<\/p>\n<p><em>Bras\u00edlia, 05h10min<\/em><\/p>\n","protected":false},"excerpt":{"rendered":"<p>Tem gente no Minist\u00e9rio do Planejamento pronta para rufar os tambores com a sa\u00edda de Joaquim Levy do minist\u00e9rio da Fazenda. \u201cSer\u00e1 muita humilha\u00e7\u00e3o ele ficar depois de dizer que estava fora se a meta fiscal de 2016 for reduzida\u201d, diz um t\u00e9cnico do governo. &#8220;E tudo indica que a meta ser\u00e1 diminu\u00edda&#8221;, emenda. &nbsp; [&hellip;]<\/p>\n","protected":false},"author":22,"featured_media":0,"comment_status":"open","ping_status":"closed","sticky":false,"template":"","format":"standard","meta":{"footnotes":""},"categories":[1],"tags":[],"class_list":["post-340","post","type-post","status-publish","format-standard","hentry","category-sem-categoria"],"_links":{"self":[{"href":"https:\/\/blogs.correiobraziliense.com.br\/vicente\/wp-json\/wp\/v2\/posts\/340","targetHints":{"allow":["GET"]}}],"collection":[{"href":"https:\/\/blogs.correiobraziliense.com.br\/vicente\/wp-json\/wp\/v2\/posts"}],"about":[{"href":"https:\/\/blogs.correiobraziliense.com.br\/vicente\/wp-json\/wp\/v2\/types\/post"}],"author":[{"embeddable":true,"href":"https:\/\/blogs.correiobraziliense.com.br\/vicente\/wp-json\/wp\/v2\/users\/22"}],"replies":[{"embeddable":true,"href":"https:\/\/blogs.correiobraziliense.com.br\/vicente\/wp-json\/wp\/v2\/comments?post=340"}],"version-history":[{"count":1,"href":"https:\/\/blogs.correiobraziliense.com.br\/vicente\/wp-json\/wp\/v2\/posts\/340\/revisions"}],"predecessor-version":[{"id":341,"href":"https:\/\/blogs.correiobraziliense.com.br\/vicente\/wp-json\/wp\/v2\/posts\/340\/revisions\/341"}],"wp:attachment":[{"href":"https:\/\/blogs.correiobraziliense.com.br\/vicente\/wp-json\/wp\/v2\/media?parent=340"}],"wp:term":[{"taxonomy":"category","embeddable":true,"href":"https:\/\/blogs.correiobraziliense.com.br\/vicente\/wp-json\/wp\/v2\/categories?post=340"},{"taxonomy":"post_tag","embeddable":true,"href":"https:\/\/blogs.correiobraziliense.com.br\/vicente\/wp-json\/wp\/v2\/tags?post=340"}],"curies":[{"name":"wp","href":"https:\/\/api.w.org\/{rel}","templated":true}]}}