{"id":3384,"date":"2016-10-10T17:29:53","date_gmt":"2016-10-10T20:29:53","guid":{"rendered":"https:\/\/blogs.correiobraziliense.com.br\/vicente\/?p=3384"},"modified":"2016-10-10T17:29:53","modified_gmt":"2016-10-10T20:29:53","slug":"mansueto-almeida-e-ana-paula-vescovi-defendem-pec-241-em-videos-publicados-pelo-planalto","status":"publish","type":"post","link":"https:\/\/blogs.correiobraziliense.com.br\/vicente\/mansueto-almeida-e-ana-paula-vescovi-defendem-pec-241-em-videos-publicados-pelo-planalto\/","title":{"rendered":"Mansueto Almeida e Ana Paula Vescovi defendem PEC 241 em v\u00eddeos publicados pelo Planalto"},"content":{"rendered":"<p>POR ANTONIO TEM\u00d3TEO<\/p>\n<p>&nbsp;<\/p>\n<p>A secret\u00e1ria do Tesouro Nacional, Ana Paula Vescovi, e o secret\u00e1rio de Acompanhamento Econ\u00f4mico, Mansueto Almeida, foram escalados pelo governo para defender a Proposta de Emenda \u00e0 Constitui\u00e7\u00e3o (PEC)\u00a0n\u00ba 241 de 2016, que limita o crescimento dos gastos p\u00fablicos. Os dois gravaram v\u00eddeos que ser\u00e3o divulgados nas redes sociais da Presid\u00eancia da Rep\u00fablica, no site do Pal\u00e1cio do Planalto e pela NBR.<\/p>\n<p>&nbsp;<\/p>\n<p>&nbsp;<\/p>\n<p>A estrat\u00e9gia do Executivo \u00e9 de que os t\u00e9cnicos expliquem os principais pontos da proposta de maneira simples e direta. A equipe do presidente Michel Temer est\u00e1 empenhada em reduzir os ru\u00eddos causados pela nota t\u00e9cnica divulgada pela Procuradoria-Geral da Rep\u00fablica (PGR) que afirma que a PEC \u00e9 inconstitucional.<\/p>\n","protected":false},"excerpt":{"rendered":"<p>POR ANTONIO TEM\u00d3TEO &nbsp; A secret\u00e1ria do Tesouro Nacional, Ana Paula Vescovi, e o secret\u00e1rio de Acompanhamento Econ\u00f4mico, Mansueto Almeida, foram escalados pelo governo para defender a Proposta de Emenda \u00e0 Constitui\u00e7\u00e3o (PEC)\u00a0n\u00ba 241 de 2016, que limita o crescimento dos gastos p\u00fablicos. Os dois gravaram v\u00eddeos que ser\u00e3o divulgados nas redes sociais da Presid\u00eancia [&hellip;]<\/p>\n","protected":false},"author":22,"featured_media":0,"comment_status":"open","ping_status":"closed","sticky":false,"template":"","format":"standard","meta":{"footnotes":""},"categories":[600],"tags":[1046,573,1224],"class_list":["post-3384","post","type-post","status-publish","format-standard","hentry","category-economia","tag-ana-paula-vescovi","tag-mansueto-almeida","tag-pec-241"],"_links":{"self":[{"href":"https:\/\/blogs.correiobraziliense.com.br\/vicente\/wp-json\/wp\/v2\/posts\/3384","targetHints":{"allow":["GET"]}}],"collection":[{"href":"https:\/\/blogs.correiobraziliense.com.br\/vicente\/wp-json\/wp\/v2\/posts"}],"about":[{"href":"https:\/\/blogs.correiobraziliense.com.br\/vicente\/wp-json\/wp\/v2\/types\/post"}],"author":[{"embeddable":true,"href":"https:\/\/blogs.correiobraziliense.com.br\/vicente\/wp-json\/wp\/v2\/users\/22"}],"replies":[{"embeddable":true,"href":"https:\/\/blogs.correiobraziliense.com.br\/vicente\/wp-json\/wp\/v2\/comments?post=3384"}],"version-history":[{"count":1,"href":"https:\/\/blogs.correiobraziliense.com.br\/vicente\/wp-json\/wp\/v2\/posts\/3384\/revisions"}],"predecessor-version":[{"id":3385,"href":"https:\/\/blogs.correiobraziliense.com.br\/vicente\/wp-json\/wp\/v2\/posts\/3384\/revisions\/3385"}],"wp:attachment":[{"href":"https:\/\/blogs.correiobraziliense.com.br\/vicente\/wp-json\/wp\/v2\/media?parent=3384"}],"wp:term":[{"taxonomy":"category","embeddable":true,"href":"https:\/\/blogs.correiobraziliense.com.br\/vicente\/wp-json\/wp\/v2\/categories?post=3384"},{"taxonomy":"post_tag","embeddable":true,"href":"https:\/\/blogs.correiobraziliense.com.br\/vicente\/wp-json\/wp\/v2\/tags?post=3384"}],"curies":[{"name":"wp","href":"https:\/\/api.w.org\/{rel}","templated":true}]}}