{"id":338,"date":"2015-12-15T00:01:28","date_gmt":"2015-12-15T02:01:28","guid":{"rendered":"https:\/\/blogs.correiobraziliense.com.br\/vicente\/?p=338"},"modified":"2015-12-15T11:25:58","modified_gmt":"2015-12-15T13:25:58","slug":"bomba-na-cpi","status":"publish","type":"post","link":"https:\/\/blogs.correiobraziliense.com.br\/vicente\/bomba-na-cpi\/","title":{"rendered":"BOMBA NA CPI"},"content":{"rendered":"<p>Podem anotar: o doleiro Adir Assad, que vai depor nesta ter\u00e7a-feira na CPI dos Fundos de Pens\u00e3o, ser\u00e1 vital para relacionar a corrup\u00e7\u00e3o na transposi\u00e7\u00e3o do Rio S\u00e3o Francisco com a Lava-Jato e as funda\u00e7\u00f5es de empresas estatais.<\/p>\n<p>&nbsp;<\/p>\n<p>Assad est\u00e1 preso em Curitiba e recebeu aval do juiz S\u00e9rgio Moro para depor na Comiss\u00e3o.<\/p>\n<p>&nbsp;<\/p>\n<p><em>Bras\u00edlia, 00h01min<\/em><\/p>\n","protected":false},"excerpt":{"rendered":"<p>Podem anotar: o doleiro Adir Assad, que vai depor nesta ter\u00e7a-feira na CPI dos Fundos de Pens\u00e3o, ser\u00e1 vital para relacionar a corrup\u00e7\u00e3o na transposi\u00e7\u00e3o do Rio S\u00e3o Francisco com a Lava-Jato e as funda\u00e7\u00f5es de empresas estatais. &nbsp; Assad est\u00e1 preso em Curitiba e recebeu aval do juiz S\u00e9rgio Moro para depor na Comiss\u00e3o. [&hellip;]<\/p>\n","protected":false},"author":22,"featured_media":0,"comment_status":"open","ping_status":"closed","sticky":false,"template":"","format":"standard","meta":{"footnotes":""},"categories":[1],"tags":[],"class_list":["post-338","post","type-post","status-publish","format-standard","hentry","category-sem-categoria"],"_links":{"self":[{"href":"https:\/\/blogs.correiobraziliense.com.br\/vicente\/wp-json\/wp\/v2\/posts\/338","targetHints":{"allow":["GET"]}}],"collection":[{"href":"https:\/\/blogs.correiobraziliense.com.br\/vicente\/wp-json\/wp\/v2\/posts"}],"about":[{"href":"https:\/\/blogs.correiobraziliense.com.br\/vicente\/wp-json\/wp\/v2\/types\/post"}],"author":[{"embeddable":true,"href":"https:\/\/blogs.correiobraziliense.com.br\/vicente\/wp-json\/wp\/v2\/users\/22"}],"replies":[{"embeddable":true,"href":"https:\/\/blogs.correiobraziliense.com.br\/vicente\/wp-json\/wp\/v2\/comments?post=338"}],"version-history":[{"count":1,"href":"https:\/\/blogs.correiobraziliense.com.br\/vicente\/wp-json\/wp\/v2\/posts\/338\/revisions"}],"predecessor-version":[{"id":339,"href":"https:\/\/blogs.correiobraziliense.com.br\/vicente\/wp-json\/wp\/v2\/posts\/338\/revisions\/339"}],"wp:attachment":[{"href":"https:\/\/blogs.correiobraziliense.com.br\/vicente\/wp-json\/wp\/v2\/media?parent=338"}],"wp:term":[{"taxonomy":"category","embeddable":true,"href":"https:\/\/blogs.correiobraziliense.com.br\/vicente\/wp-json\/wp\/v2\/categories?post=338"},{"taxonomy":"post_tag","embeddable":true,"href":"https:\/\/blogs.correiobraziliense.com.br\/vicente\/wp-json\/wp\/v2\/tags?post=338"}],"curies":[{"name":"wp","href":"https:\/\/api.w.org\/{rel}","templated":true}]}}