{"id":3379,"date":"2016-10-07T17:01:34","date_gmt":"2016-10-07T20:01:34","guid":{"rendered":"https:\/\/blogs.correiobraziliense.com.br\/vicente\/?p=3379"},"modified":"2016-10-07T17:32:14","modified_gmt":"2016-10-07T20:32:14","slug":"o-economia-no-sofa-esta-no-ar-veja-como-limpar-seu-nome-para-as-festas-de-fim-de-ano-e-como-as-greves-de-servidores-afetam-sua-vida","status":"publish","type":"post","link":"https:\/\/blogs.correiobraziliense.com.br\/vicente\/o-economia-no-sofa-esta-no-ar-veja-como-limpar-seu-nome-para-as-festas-de-fim-de-ano-e-como-as-greves-de-servidores-afetam-sua-vida\/","title":{"rendered":"O Economia no sof\u00e1 est\u00e1 no ar: Veja como limpar seu nome para as festas de fim de ano e como as greves de servidores afetam a sua vida"},"content":{"rendered":"<p><iframe loading=\"lazy\" title=\"Economia no Sof\u00e1: Privatiza\u00e7\u00f5es do governo e como limpar seu nome para o natal\" width=\"1440\" height=\"810\" src=\"https:\/\/www.youtube.com\/embed\/Zvk-dBC0588?feature=oembed\" frameborder=\"0\" allow=\"accelerometer; autoplay; clipboard-write; encrypted-media; gyroscope; picture-in-picture; web-share\" referrerpolicy=\"strict-origin-when-cross-origin\" allowfullscreen><\/iframe><\/p>\n<p>&nbsp;<\/p>\n<p>O Economia no sof\u00e1 chega \u00e0 10\u00aa edi\u00e7\u00e3o mais quente do que nunca. Voc\u00ea pode conferir, com Rosana Hessel, quais a chances reais de o programa de privatiza\u00e7\u00e3o do governo Temer dar certo.<\/p>\n<p>&nbsp;<\/p>\n<p>Marlla Sabino d\u00e1 dicas para voc\u00ea que precisa tirar seu nome das listas de maus pagadores. O fim de ano est\u00e1 chegando e n\u00e3o \u00e9 nada agrad\u00e1vel ficar impedido de comprar a prazo presentinhos para a fam\u00edlia.<\/p>\n<p>&nbsp;<\/p>\n<p>J\u00e1 Vera Batista nos mostra como as greves de servidores p\u00fablicos afetam a sua vida.<\/p>\n<p>&nbsp;<\/p>\n<p>Na m\u00fasica, Giza Soares e Hamilton Ferrari.<\/p>\n<p>&nbsp;<\/p>\n<p>Bom programa.<\/p>\n<p>&nbsp;<\/p>\n<p>&nbsp;<\/p>\n","protected":false},"excerpt":{"rendered":"<p>&nbsp; O Economia no sof\u00e1 chega \u00e0 10\u00aa edi\u00e7\u00e3o mais quente do que nunca. Voc\u00ea pode conferir, com Rosana Hessel, quais a chances reais de o programa de privatiza\u00e7\u00e3o do governo Temer dar certo. &nbsp; Marlla Sabino d\u00e1 dicas para voc\u00ea que precisa tirar seu nome das listas de maus pagadores. O fim de ano [&hellip;]<\/p>\n","protected":false},"author":22,"featured_media":0,"comment_status":"open","ping_status":"closed","sticky":false,"template":"","format":"standard","meta":{"footnotes":""},"categories":[600],"tags":[],"class_list":["post-3379","post","type-post","status-publish","format-standard","hentry","category-economia"],"_links":{"self":[{"href":"https:\/\/blogs.correiobraziliense.com.br\/vicente\/wp-json\/wp\/v2\/posts\/3379","targetHints":{"allow":["GET"]}}],"collection":[{"href":"https:\/\/blogs.correiobraziliense.com.br\/vicente\/wp-json\/wp\/v2\/posts"}],"about":[{"href":"https:\/\/blogs.correiobraziliense.com.br\/vicente\/wp-json\/wp\/v2\/types\/post"}],"author":[{"embeddable":true,"href":"https:\/\/blogs.correiobraziliense.com.br\/vicente\/wp-json\/wp\/v2\/users\/22"}],"replies":[{"embeddable":true,"href":"https:\/\/blogs.correiobraziliense.com.br\/vicente\/wp-json\/wp\/v2\/comments?post=3379"}],"version-history":[{"count":1,"href":"https:\/\/blogs.correiobraziliense.com.br\/vicente\/wp-json\/wp\/v2\/posts\/3379\/revisions"}],"predecessor-version":[{"id":3380,"href":"https:\/\/blogs.correiobraziliense.com.br\/vicente\/wp-json\/wp\/v2\/posts\/3379\/revisions\/3380"}],"wp:attachment":[{"href":"https:\/\/blogs.correiobraziliense.com.br\/vicente\/wp-json\/wp\/v2\/media?parent=3379"}],"wp:term":[{"taxonomy":"category","embeddable":true,"href":"https:\/\/blogs.correiobraziliense.com.br\/vicente\/wp-json\/wp\/v2\/categories?post=3379"},{"taxonomy":"post_tag","embeddable":true,"href":"https:\/\/blogs.correiobraziliense.com.br\/vicente\/wp-json\/wp\/v2\/tags?post=3379"}],"curies":[{"name":"wp","href":"https:\/\/api.w.org\/{rel}","templated":true}]}}