{"id":3376,"date":"2016-10-06T18:31:38","date_gmt":"2016-10-06T21:31:38","guid":{"rendered":"https:\/\/blogs.correiobraziliense.com.br\/vicente\/?p=3376"},"modified":"2016-10-06T18:32:43","modified_gmt":"2016-10-06T21:32:43","slug":"comissao-especial-aprova-pec-dos-gastos-publicos-queda-de-juros-esta-mais-proxima","status":"publish","type":"post","link":"https:\/\/blogs.correiobraziliense.com.br\/vicente\/comissao-especial-aprova-pec-dos-gastos-publicos-queda-de-juros-esta-mais-proxima\/","title":{"rendered":"Comiss\u00e3o especial aprova PEC do teto de gastos p\u00fablicos. Queda de juros est\u00e1 mais pr\u00f3xima"},"content":{"rendered":"<p>POR ANTONIO TEM\u00d3TEO<\/p>\n<p>&nbsp;<\/p>\n<p>A comiss\u00e3o especial criada pela C\u00e2mara dos Deputados para analisar a Proposta de Emenda \u00e0 Constitui\u00e7\u00e3o (PEC) n\u00ba 241 de 2016 aprovou o relat\u00f3rio do deputado Darc\u00edsio Perondi (PMDB-RS). O texto limita o crescimento dos gastos p\u00fablicos. O colegiado ainda precisa analisar oito destaques para que a mat\u00e9ria siga para o plen\u00e1rio da Casa.<\/p>\n<p>&nbsp;<\/p>\n<p>O avan\u00e7o na tramita\u00e7\u00e3o da mat\u00e9ria no Congresso \u00e9 condicionante para que o Banco Central (BC) inicie o ciclo de queda de juros, hoje em 14,25% ao ano. O Comit\u00ea de Pol\u00edtica Monet\u00e1ria (Copom) se reunir\u00e1 em 18 e 19 de outubro e o mercado espera uma redu\u00e7\u00e3o de pelo menos 0,25 ponto percentual da taxa b\u00e1sica de juros (Selic).<\/p>\n<p>&nbsp;<\/p>\n<p>O presidente da C\u00e2mara dos Deputados, Rodrigo Maia (DEM-RJ), definiu que mat\u00e9ria ser\u00e1 votada pelo plen\u00e1rio da casa na pr\u00f3xima segunda-feira, 10 de outubro.<\/p>\n<p>&nbsp;<\/p>\n<p>&nbsp;<\/p>\n","protected":false},"excerpt":{"rendered":"<p>POR ANTONIO TEM\u00d3TEO &nbsp; A comiss\u00e3o especial criada pela C\u00e2mara dos Deputados para analisar a Proposta de Emenda \u00e0 Constitui\u00e7\u00e3o (PEC) n\u00ba 241 de 2016 aprovou o relat\u00f3rio do deputado Darc\u00edsio Perondi (PMDB-RS). O texto limita o crescimento dos gastos p\u00fablicos. O colegiado ainda precisa analisar oito destaques para que a mat\u00e9ria siga para o [&hellip;]<\/p>\n","protected":false},"author":22,"featured_media":0,"comment_status":"open","ping_status":"closed","sticky":false,"template":"","format":"standard","meta":{"footnotes":""},"categories":[600],"tags":[99,4,1224,34],"class_list":["post-3376","post","type-post","status-publish","format-standard","hentry","category-economia","tag-copom","tag-juros","tag-pec-241","tag-selic"],"_links":{"self":[{"href":"https:\/\/blogs.correiobraziliense.com.br\/vicente\/wp-json\/wp\/v2\/posts\/3376","targetHints":{"allow":["GET"]}}],"collection":[{"href":"https:\/\/blogs.correiobraziliense.com.br\/vicente\/wp-json\/wp\/v2\/posts"}],"about":[{"href":"https:\/\/blogs.correiobraziliense.com.br\/vicente\/wp-json\/wp\/v2\/types\/post"}],"author":[{"embeddable":true,"href":"https:\/\/blogs.correiobraziliense.com.br\/vicente\/wp-json\/wp\/v2\/users\/22"}],"replies":[{"embeddable":true,"href":"https:\/\/blogs.correiobraziliense.com.br\/vicente\/wp-json\/wp\/v2\/comments?post=3376"}],"version-history":[{"count":2,"href":"https:\/\/blogs.correiobraziliense.com.br\/vicente\/wp-json\/wp\/v2\/posts\/3376\/revisions"}],"predecessor-version":[{"id":3378,"href":"https:\/\/blogs.correiobraziliense.com.br\/vicente\/wp-json\/wp\/v2\/posts\/3376\/revisions\/3378"}],"wp:attachment":[{"href":"https:\/\/blogs.correiobraziliense.com.br\/vicente\/wp-json\/wp\/v2\/media?parent=3376"}],"wp:term":[{"taxonomy":"category","embeddable":true,"href":"https:\/\/blogs.correiobraziliense.com.br\/vicente\/wp-json\/wp\/v2\/categories?post=3376"},{"taxonomy":"post_tag","embeddable":true,"href":"https:\/\/blogs.correiobraziliense.com.br\/vicente\/wp-json\/wp\/v2\/tags?post=3376"}],"curies":[{"name":"wp","href":"https:\/\/api.w.org\/{rel}","templated":true}]}}