{"id":3363,"date":"2016-10-04T11:59:58","date_gmt":"2016-10-04T14:59:58","guid":{"rendered":"https:\/\/blogs.correiobraziliense.com.br\/vicente\/?p=3363"},"modified":"2016-10-04T11:59:58","modified_gmt":"2016-10-04T14:59:58","slug":"goldfajn-cobra-do-governo-envio-de-projeto-que-garante-autonomia-do-bc","status":"publish","type":"post","link":"https:\/\/blogs.correiobraziliense.com.br\/vicente\/goldfajn-cobra-do-governo-envio-de-projeto-que-garante-autonomia-do-bc\/","title":{"rendered":"Goldfajn cobra do governo envio de projeto que garante autonomia do BC"},"content":{"rendered":"<p class=\"p2\">POR ANTONIO TEM\u00d3TEO<\/p>\n<p class=\"p2\">\n<p class=\"p2\">Durante audi\u00eancia p\u00fablica no Senado Federal, o presidente do Banco Central (BC), Ilan Goldfajn, aproveitou o discurso para cobrar do governo o envio de projeto que garanta autonomia da autoridade monet\u00e1ria.<\/p>\n<p class=\"p2\">\n<p class=\"p2\">Ele relembrou que quando esteve no colegiado para ser sabatinado para o posto que ocupa atualmente, externou a vis\u00e3o de que a autonomia do BC \u00e9 importante. &#8220;Essa vis\u00e3o permanece a mesma e a ela se junta a percep\u00e7\u00e3o de que precisamos revisitar e, no que couber, propor a moderniza\u00e7\u00e3o do marco legal para a atua\u00e7\u00e3o do Banco Central&#8221;, disse.<\/p>\n<p class=\"p2\">\n<p class=\"p2\">Goldfajn detalhou que considera importante que, no momento oportuno, o governo apresente ao Congresso Nacional propostas para aprimorar esses marcos. O presidente do BC s\u00f3 aceitou o posto ap\u00f3s o Executivo garantir que ele manteria o foro privilegiado. Atualmente, isso ocorre porque ele possui status de ministro.<\/p>\n<p class=\"p2\">\n<p class=\"p2\">O presidente da Rep\u00fablica, Michel Temer, e o ministro da Fazenda, Henrique Meirelles, se comprometeram em enviar ao Congresso uma proposta para definir que o foro privilegiado para o presidente e para diretores do BC esteja garantido em lei. Entretanto, o tema ainda n\u00e3o chegou ao Legislativo.<\/p>\n<p class=\"p2\">\n<p class=\"p2\">\n","protected":false},"excerpt":{"rendered":"<p>POR ANTONIO TEM\u00d3TEO Durante audi\u00eancia p\u00fablica no Senado Federal, o presidente do Banco Central (BC), Ilan Goldfajn, aproveitou o discurso para cobrar do governo o envio de projeto que garanta autonomia da autoridade monet\u00e1ria. Ele relembrou que quando esteve no colegiado para ser sabatinado para o posto que ocupa atualmente, externou a vis\u00e3o de que [&hellip;]<\/p>\n","protected":false},"author":22,"featured_media":0,"comment_status":"open","ping_status":"closed","sticky":false,"template":"","format":"standard","meta":{"footnotes":""},"categories":[600],"tags":[1370,106,1371,1369,438],"class_list":["post-3363","post","type-post","status-publish","format-standard","hentry","category-economia","tag-autonomia","tag-bc","tag-congresso-nacional","tag-foro-privilegiado","tag-legislativo"],"_links":{"self":[{"href":"https:\/\/blogs.correiobraziliense.com.br\/vicente\/wp-json\/wp\/v2\/posts\/3363","targetHints":{"allow":["GET"]}}],"collection":[{"href":"https:\/\/blogs.correiobraziliense.com.br\/vicente\/wp-json\/wp\/v2\/posts"}],"about":[{"href":"https:\/\/blogs.correiobraziliense.com.br\/vicente\/wp-json\/wp\/v2\/types\/post"}],"author":[{"embeddable":true,"href":"https:\/\/blogs.correiobraziliense.com.br\/vicente\/wp-json\/wp\/v2\/users\/22"}],"replies":[{"embeddable":true,"href":"https:\/\/blogs.correiobraziliense.com.br\/vicente\/wp-json\/wp\/v2\/comments?post=3363"}],"version-history":[{"count":1,"href":"https:\/\/blogs.correiobraziliense.com.br\/vicente\/wp-json\/wp\/v2\/posts\/3363\/revisions"}],"predecessor-version":[{"id":3364,"href":"https:\/\/blogs.correiobraziliense.com.br\/vicente\/wp-json\/wp\/v2\/posts\/3363\/revisions\/3364"}],"wp:attachment":[{"href":"https:\/\/blogs.correiobraziliense.com.br\/vicente\/wp-json\/wp\/v2\/media?parent=3363"}],"wp:term":[{"taxonomy":"category","embeddable":true,"href":"https:\/\/blogs.correiobraziliense.com.br\/vicente\/wp-json\/wp\/v2\/categories?post=3363"},{"taxonomy":"post_tag","embeddable":true,"href":"https:\/\/blogs.correiobraziliense.com.br\/vicente\/wp-json\/wp\/v2\/tags?post=3363"}],"curies":[{"name":"wp","href":"https:\/\/api.w.org\/{rel}","templated":true}]}}