{"id":3359,"date":"2016-10-04T11:31:42","date_gmt":"2016-10-04T14:31:42","guid":{"rendered":"https:\/\/blogs.correiobraziliense.com.br\/vicente\/?p=3359"},"modified":"2016-10-04T11:36:36","modified_gmt":"2016-10-04T14:36:36","slug":"gleisi-hoffmann-dispara-criticas-ao-presidente-do-bc-na-cae","status":"publish","type":"post","link":"https:\/\/blogs.correiobraziliense.com.br\/vicente\/gleisi-hoffmann-dispara-criticas-ao-presidente-do-bc-na-cae\/","title":{"rendered":"Gleisi Hoffmann dispara cr\u00edticas ao presidente do BC na CAE"},"content":{"rendered":"<p>POR ANTONIO TEM\u00d3TEO<\/p>\n<p>&nbsp;<\/p>\n<p>Presidente da Comiss\u00e3o de Assuntos Econ\u00f4micos (CAE) do Senado Federal, Gleisi Hoffmann (PT-PR), aproveitou a prerrogativa de comandar os trabalhos do colegiado para disparar uma s\u00e9rie cr\u00edticas ao governo Michel Temer e ao presidente do Banco Central (BC), Ilan Goldfajn.<\/p>\n<p>&nbsp;<\/p>\n<p>Antes de passar a palavra aos senadores para questionarem o chefe da autoridade monet\u00e1ria, ela leu um discurso previamente preparado para atacar as pol\u00edticas econ\u00f4mica e monet\u00e1ria do Executivo. Visivelmente constrangido, Ilan ouviu todas as pondera\u00e7\u00f5es calado e tomou nota de todos os pontos abordados.<\/p>\n<p>&nbsp;<\/p>\n<p>Gleisi criticou a pol\u00edtica fiscal do governo Michel Temer ao afirmar que querem reduzir as gastos\u00a0sociais. Ela ainda fez quest\u00e3o de destacar que a Selic, em 14,25% ao ano, aumenta as despesas com juros e implica no crescimento da d\u00edvida p\u00fablica.<\/p>\n<p>&nbsp;<\/p>\n<p>Al\u00e9m disso, a senadora ressaltou que a autoridade monet\u00e1ria pressiona a infla\u00e7\u00e3o com uma pol\u00edtica cambial desastrosa, por meio dos swaps cambiais. Ela ainda alfinetou o presidente do BC ao afirmar que ele defendeu, em 2013, que a infla\u00e7\u00e3o do pa\u00eds s\u00f3 cairia via aumento do desemprego.<\/p>\n<p>&nbsp;<\/p>\n<p class=\"p1\">Fugindo das pol\u00eamicas, o chefe da autoridade monet\u00e1ria destacou que entre 2014 e 2015 o pa\u00eds sofreu uma crise de confian\u00e7a que resultar\u00e1 em uma queda do Produto Interno Bruto (PIB) de 7% at\u00e9 o fim de 2016. Ele ainda destacou que h\u00e1 grande desconfian\u00e7a em rela\u00e7\u00e3o a trajet\u00f3ria de crescimento da d\u00edvida p\u00fablica. &#8220;N\u00e3o usamos os swps para pressionar a infla\u00e7\u00e3o. Se isso fosse verdade n\u00e3o estar\u00edamos reduzindo o estoque&#8221;, alertou.<\/p>\n<p class=\"p1\">\n<p class=\"p1\">Ele ainda destacou que como qualquer dona de casa, o pa\u00eds tem um or\u00e7amento que precisa ser respeitado. &#8220;Se os gastos continuarem a subir temos um problema. E se n\u00e3o entendermos isso depois da crise temos um s\u00e9rio problema&#8221; alertou.<\/p>\n<p>&nbsp;<\/p>\n","protected":false},"excerpt":{"rendered":"<p>POR ANTONIO TEM\u00d3TEO &nbsp; Presidente da Comiss\u00e3o de Assuntos Econ\u00f4micos (CAE) do Senado Federal, Gleisi Hoffmann (PT-PR), aproveitou a prerrogativa de comandar os trabalhos do colegiado para disparar uma s\u00e9rie cr\u00edticas ao governo Michel Temer e ao presidente do Banco Central (BC), Ilan Goldfajn. &nbsp; Antes de passar a palavra aos senadores para questionarem o [&hellip;]<\/p>\n","protected":false},"author":22,"featured_media":0,"comment_status":"open","ping_status":"closed","sticky":false,"template":"","format":"standard","meta":{"footnotes":""},"categories":[600],"tags":[106,108,352,107,14,4,58,34],"class_list":["post-3359","post","type-post","status-publish","format-standard","hentry","category-economia","tag-bc","tag-cae","tag-gleisi-hoffmann","tag-ilan-goldfajn","tag-inflacao","tag-juros","tag-pib","tag-selic"],"_links":{"self":[{"href":"https:\/\/blogs.correiobraziliense.com.br\/vicente\/wp-json\/wp\/v2\/posts\/3359","targetHints":{"allow":["GET"]}}],"collection":[{"href":"https:\/\/blogs.correiobraziliense.com.br\/vicente\/wp-json\/wp\/v2\/posts"}],"about":[{"href":"https:\/\/blogs.correiobraziliense.com.br\/vicente\/wp-json\/wp\/v2\/types\/post"}],"author":[{"embeddable":true,"href":"https:\/\/blogs.correiobraziliense.com.br\/vicente\/wp-json\/wp\/v2\/users\/22"}],"replies":[{"embeddable":true,"href":"https:\/\/blogs.correiobraziliense.com.br\/vicente\/wp-json\/wp\/v2\/comments?post=3359"}],"version-history":[{"count":3,"href":"https:\/\/blogs.correiobraziliense.com.br\/vicente\/wp-json\/wp\/v2\/posts\/3359\/revisions"}],"predecessor-version":[{"id":3362,"href":"https:\/\/blogs.correiobraziliense.com.br\/vicente\/wp-json\/wp\/v2\/posts\/3359\/revisions\/3362"}],"wp:attachment":[{"href":"https:\/\/blogs.correiobraziliense.com.br\/vicente\/wp-json\/wp\/v2\/media?parent=3359"}],"wp:term":[{"taxonomy":"category","embeddable":true,"href":"https:\/\/blogs.correiobraziliense.com.br\/vicente\/wp-json\/wp\/v2\/categories?post=3359"},{"taxonomy":"post_tag","embeddable":true,"href":"https:\/\/blogs.correiobraziliense.com.br\/vicente\/wp-json\/wp\/v2\/tags?post=3359"}],"curies":[{"name":"wp","href":"https:\/\/api.w.org\/{rel}","templated":true}]}}