{"id":3332,"date":"2016-09-30T15:17:47","date_gmt":"2016-09-30T18:17:47","guid":{"rendered":"https:\/\/blogs.correiobraziliense.com.br\/vicente\/?p=3332"},"modified":"2016-09-30T16:25:52","modified_gmt":"2016-09-30T19:25:52","slug":"previdencia-de-servidores-tem-deficit-de-r-505-bilhoes-ate-agosto","status":"publish","type":"post","link":"https:\/\/blogs.correiobraziliense.com.br\/vicente\/previdencia-de-servidores-tem-deficit-de-r-505-bilhoes-ate-agosto\/","title":{"rendered":"Previd\u00eancia dos servidores tem deficit de R$ 50,5 bilh\u00f5es at\u00e9 agosto"},"content":{"rendered":"<p>POR ANTONIO TEM\u00d3TEO<\/p>\n<p>&nbsp;<\/p>\n<p>Enquanto o governo debate a possibilidade de aumento da al\u00edquota de contribui\u00e7\u00e3o dos trabalhadores da administra\u00e7\u00e3o p\u00fablica para garantir suas aposentadorias, o deficit do Regime Pr\u00f3prio de Previd\u00eancia de Social (RPPS) alcan\u00e7ou R$ 50,5 bilh\u00f5es de janeiro a agosto de 2016.<\/p>\n<p>&nbsp;<\/p>\n<p>O resultado \u00e9 5,8% maior do que o registrado no mesmo per\u00edodo do ano passado. As despesas do Executivo com o pagamento de aposentadorias chegaram a R$ 70,6 bilh\u00f5es nos oito primeiros meses do ano. Entretanto, o governo arrecadou apenas R$ 20,1 bilh\u00f5es.<\/p>\n<p>&nbsp;<\/p>\n<p>&nbsp;<\/p>\n","protected":false},"excerpt":{"rendered":"<p>POR ANTONIO TEM\u00d3TEO &nbsp; Enquanto o governo debate a possibilidade de aumento da al\u00edquota de contribui\u00e7\u00e3o dos trabalhadores da administra\u00e7\u00e3o p\u00fablica para garantir suas aposentadorias, o deficit do Regime Pr\u00f3prio de Previd\u00eancia de Social (RPPS) alcan\u00e7ou R$ 50,5 bilh\u00f5es de janeiro a agosto de 2016. &nbsp; O resultado \u00e9 5,8% maior do que o registrado [&hellip;]<\/p>\n","protected":false},"author":22,"featured_media":0,"comment_status":"open","ping_status":"closed","sticky":false,"template":"","format":"standard","meta":{"footnotes":""},"categories":[600],"tags":[76,406,733,1346],"class_list":["post-3332","post","type-post","status-publish","format-standard","hentry","category-economia","tag-deficit","tag-previdencia-social","tag-rpps","tag-servidor-publico"],"_links":{"self":[{"href":"https:\/\/blogs.correiobraziliense.com.br\/vicente\/wp-json\/wp\/v2\/posts\/3332","targetHints":{"allow":["GET"]}}],"collection":[{"href":"https:\/\/blogs.correiobraziliense.com.br\/vicente\/wp-json\/wp\/v2\/posts"}],"about":[{"href":"https:\/\/blogs.correiobraziliense.com.br\/vicente\/wp-json\/wp\/v2\/types\/post"}],"author":[{"embeddable":true,"href":"https:\/\/blogs.correiobraziliense.com.br\/vicente\/wp-json\/wp\/v2\/users\/22"}],"replies":[{"embeddable":true,"href":"https:\/\/blogs.correiobraziliense.com.br\/vicente\/wp-json\/wp\/v2\/comments?post=3332"}],"version-history":[{"count":3,"href":"https:\/\/blogs.correiobraziliense.com.br\/vicente\/wp-json\/wp\/v2\/posts\/3332\/revisions"}],"predecessor-version":[{"id":3335,"href":"https:\/\/blogs.correiobraziliense.com.br\/vicente\/wp-json\/wp\/v2\/posts\/3332\/revisions\/3335"}],"wp:attachment":[{"href":"https:\/\/blogs.correiobraziliense.com.br\/vicente\/wp-json\/wp\/v2\/media?parent=3332"}],"wp:term":[{"taxonomy":"category","embeddable":true,"href":"https:\/\/blogs.correiobraziliense.com.br\/vicente\/wp-json\/wp\/v2\/categories?post=3332"},{"taxonomy":"post_tag","embeddable":true,"href":"https:\/\/blogs.correiobraziliense.com.br\/vicente\/wp-json\/wp\/v2\/tags?post=3332"}],"curies":[{"name":"wp","href":"https:\/\/api.w.org\/{rel}","templated":true}]}}