{"id":3313,"date":"2016-09-29T17:21:21","date_gmt":"2016-09-29T20:21:21","guid":{"rendered":"https:\/\/blogs.correiobraziliense.com.br\/vicente\/?p=3313"},"modified":"2016-09-29T18:15:23","modified_gmt":"2016-09-29T21:15:23","slug":"ameaca-em-voo-da-avianca-para-bogota","status":"publish","type":"post","link":"https:\/\/blogs.correiobraziliense.com.br\/vicente\/ameaca-em-voo-da-avianca-para-bogota\/","title":{"rendered":"Bateria de l\u00edtio provoca p\u00e2nico em voo da Avianca"},"content":{"rendered":"<p>POR SIMONE KAFRUNI<\/p>\n<p>&nbsp;<\/p>\n<p>A presen\u00e7a de uma bateria de l\u00edtio a bordo de uma aeronave da Avianca provocou p\u00e2nico no voo 260, que partiria \u00e0s 9h do Aeroporto Internacional Tom Jobim, no Rio de Janeiro, com destino a Bogot\u00e1, na Col\u00f4mbia. Houve suspeita de bomba, a Pol\u00edcia Federal foi acionada e o avi\u00e3o passou\u00a0por uma\u00a0inspe\u00e7\u00e3o.<\/p>\n<p>&nbsp;<\/p>\n<p>Os 107 passageiros do voo tiveram que desembarcar e aguardar no sagu\u00e3o do aeroporto. A Avianca explica que, &#8220;o procedimento, padr\u00e3o no setor a\u00e9reo, foi necess\u00e1rio, pois constatou-se a presen\u00e7a de um objeto n\u00e3o declarado a bordo, aparentemente, uma bateria de l\u00edtio pertencente a um dos passageiros&#8221;. &#8220;Todos foram desembarcados normalmente e receberam o atendimento necess\u00e1rio pelo pessoal de terra da companhia. O avi\u00e3o foi liberado \u00e0s 13h55&#8221;, destaca, em nota.<\/p>\n<p>&nbsp;<\/p>\n<p>A PF informa que &#8220;foi acionada e que foram adotados os procedimentos definidos em protocolo, n\u00e3o sendo identificada qualquer amea\u00e7a&#8221;.\u00a0A concession\u00e1ria RIOgale\u00e3o diz\u00a0que o avi\u00e3o foi liberado depois da inspe\u00e7\u00e3o e partiu \u00e0s 14h24. &#8220;O\u00a0voo 260 da companhia a\u00e9rea Avianca, com destino \u00e0 Col\u00f4mbia, passou por inspe\u00e7\u00e3o da Pol\u00edcia Federal de acordo com protocolos internacionais de seguran\u00e7a. Todos os passageiros desembarcaram e aguardaram em seguran\u00e7a no sagu\u00e3o do aeroporto&#8221;, completa.<\/p>\n<p>&nbsp;<\/p>\n<p>A Avianca ressalta que &#8220;lamenta pelo desconforto causado pelo atraso, mas destaca que o bem-estar de seus clientes e tripulantes \u00e9 sua prioridade m\u00e1xima e que segue \u00e0 risca todos os protocolos de seguran\u00e7a vigentes&#8221;.<\/p>\n<p>&nbsp;<\/p>\n<p><em>Bras\u00edlia, 17h05 &#8211; Atualizada 18h13<\/em><\/p>\n","protected":false},"excerpt":{"rendered":"<p>POR SIMONE KAFRUNI &nbsp; A presen\u00e7a de uma bateria de l\u00edtio a bordo de uma aeronave da Avianca provocou p\u00e2nico no voo 260, que partiria \u00e0s 9h do Aeroporto Internacional Tom Jobim, no Rio de Janeiro, com destino a Bogot\u00e1, na Col\u00f4mbia. Houve suspeita de bomba, a Pol\u00edcia Federal foi acionada e o avi\u00e3o passou\u00a0por [&hellip;]<\/p>\n","protected":false},"author":22,"featured_media":0,"comment_status":"open","ping_status":"closed","sticky":false,"template":"","format":"standard","meta":{"footnotes":""},"categories":[600],"tags":[],"class_list":["post-3313","post","type-post","status-publish","format-standard","hentry","category-economia"],"_links":{"self":[{"href":"https:\/\/blogs.correiobraziliense.com.br\/vicente\/wp-json\/wp\/v2\/posts\/3313","targetHints":{"allow":["GET"]}}],"collection":[{"href":"https:\/\/blogs.correiobraziliense.com.br\/vicente\/wp-json\/wp\/v2\/posts"}],"about":[{"href":"https:\/\/blogs.correiobraziliense.com.br\/vicente\/wp-json\/wp\/v2\/types\/post"}],"author":[{"embeddable":true,"href":"https:\/\/blogs.correiobraziliense.com.br\/vicente\/wp-json\/wp\/v2\/users\/22"}],"replies":[{"embeddable":true,"href":"https:\/\/blogs.correiobraziliense.com.br\/vicente\/wp-json\/wp\/v2\/comments?post=3313"}],"version-history":[{"count":8,"href":"https:\/\/blogs.correiobraziliense.com.br\/vicente\/wp-json\/wp\/v2\/posts\/3313\/revisions"}],"predecessor-version":[{"id":3321,"href":"https:\/\/blogs.correiobraziliense.com.br\/vicente\/wp-json\/wp\/v2\/posts\/3313\/revisions\/3321"}],"wp:attachment":[{"href":"https:\/\/blogs.correiobraziliense.com.br\/vicente\/wp-json\/wp\/v2\/media?parent=3313"}],"wp:term":[{"taxonomy":"category","embeddable":true,"href":"https:\/\/blogs.correiobraziliense.com.br\/vicente\/wp-json\/wp\/v2\/categories?post=3313"},{"taxonomy":"post_tag","embeddable":true,"href":"https:\/\/blogs.correiobraziliense.com.br\/vicente\/wp-json\/wp\/v2\/tags?post=3313"}],"curies":[{"name":"wp","href":"https:\/\/api.w.org\/{rel}","templated":true}]}}