{"id":3311,"date":"2016-09-29T13:24:29","date_gmt":"2016-09-29T16:24:29","guid":{"rendered":"https:\/\/blogs.correiobraziliense.com.br\/vicente\/?p=3311"},"modified":"2016-09-29T15:57:30","modified_gmt":"2016-09-29T18:57:30","slug":"para-policiais-federais-mantega-deveria-voltar-para-prisao-mesmo-que-temporariamente","status":"publish","type":"post","link":"https:\/\/blogs.correiobraziliense.com.br\/vicente\/para-policiais-federais-mantega-deveria-voltar-para-prisao-mesmo-que-temporariamente\/","title":{"rendered":"Para policiais federais, Mantega deveria voltar para a pris\u00e3o, mesmo que temporariamente"},"content":{"rendered":"<p>A Pol\u00edcia Federal n\u00e3o desistiu da pris\u00e3o tempor\u00e1ria de Guido Mantega, ex-ministro da Fazenda de Lula e de Dilma Rousseff. Segundo policiais federais ouvidos pelo <strong>Blog<\/strong>, s\u00e3o fortes os ind\u00edcios de que Mantega comandava, no governo, um esquema paralelo para obter contribui\u00e7\u00f5es para o PT.<\/p>\n<p>&nbsp;<\/p>\n<p>Os policiais acreditam que o juiz S\u00e9rgio Moro voltar\u00e1 atr\u00e1s na decis\u00e3o de soltar Mantega, depois de mant\u00ea-lo preso por cinco horas diante do tratamento m\u00e9dico recebido pelo mulher dele, que est\u00e1 com c\u00e2ncer. Investigadores da Lava-Jato garantem que o ex-ministro era um dos cabe\u00e7as do esquema de corrup\u00e7\u00e3o na Petrobras.<\/p>\n<p>&nbsp;<\/p>\n<p>Mantega foi entregue pelo empres\u00e1rio Eike Batista, que diz ter sido obrigado a doar R$ 5 milh\u00f5es, por meio de opera\u00e7\u00f5es realizadas no exterior, para quitar d\u00edvidas de campanha de 2010 do PT com os marqueteiros Jo\u00e3o Santana e M\u00f4nica Moura.<\/p>\n<p>&nbsp;<\/p>\n<p><em>Bras\u00edlia, 13h24min<\/em><\/p>\n","protected":false},"excerpt":{"rendered":"<p>A Pol\u00edcia Federal n\u00e3o desistiu da pris\u00e3o tempor\u00e1ria de Guido Mantega, ex-ministro da Fazenda de Lula e de Dilma Rousseff. Segundo policiais federais ouvidos pelo Blog, s\u00e3o fortes os ind\u00edcios de que Mantega comandava, no governo, um esquema paralelo para obter contribui\u00e7\u00f5es para o PT. &nbsp; Os policiais acreditam que o juiz S\u00e9rgio Moro voltar\u00e1 [&hellip;]<\/p>\n","protected":false},"author":22,"featured_media":0,"comment_status":"open","ping_status":"closed","sticky":false,"template":"","format":"standard","meta":{"footnotes":""},"categories":[600],"tags":[1335,1336,1270,1334,1280,126,351,42],"class_list":["post-3311","post","type-post","status-publish","format-standard","hentry","category-economia","tag-cancer","tag-eike-bastista","tag-guido-mantega","tag-mulher-doente","tag-operacao-lava-jato","tag-policia-federal","tag-prisao","tag-sergio-moro"],"_links":{"self":[{"href":"https:\/\/blogs.correiobraziliense.com.br\/vicente\/wp-json\/wp\/v2\/posts\/3311","targetHints":{"allow":["GET"]}}],"collection":[{"href":"https:\/\/blogs.correiobraziliense.com.br\/vicente\/wp-json\/wp\/v2\/posts"}],"about":[{"href":"https:\/\/blogs.correiobraziliense.com.br\/vicente\/wp-json\/wp\/v2\/types\/post"}],"author":[{"embeddable":true,"href":"https:\/\/blogs.correiobraziliense.com.br\/vicente\/wp-json\/wp\/v2\/users\/22"}],"replies":[{"embeddable":true,"href":"https:\/\/blogs.correiobraziliense.com.br\/vicente\/wp-json\/wp\/v2\/comments?post=3311"}],"version-history":[{"count":1,"href":"https:\/\/blogs.correiobraziliense.com.br\/vicente\/wp-json\/wp\/v2\/posts\/3311\/revisions"}],"predecessor-version":[{"id":3312,"href":"https:\/\/blogs.correiobraziliense.com.br\/vicente\/wp-json\/wp\/v2\/posts\/3311\/revisions\/3312"}],"wp:attachment":[{"href":"https:\/\/blogs.correiobraziliense.com.br\/vicente\/wp-json\/wp\/v2\/media?parent=3311"}],"wp:term":[{"taxonomy":"category","embeddable":true,"href":"https:\/\/blogs.correiobraziliense.com.br\/vicente\/wp-json\/wp\/v2\/categories?post=3311"},{"taxonomy":"post_tag","embeddable":true,"href":"https:\/\/blogs.correiobraziliense.com.br\/vicente\/wp-json\/wp\/v2\/tags?post=3311"}],"curies":[{"name":"wp","href":"https:\/\/api.w.org\/{rel}","templated":true}]}}