{"id":3309,"date":"2016-09-29T08:30:17","date_gmt":"2016-09-29T11:30:17","guid":{"rendered":"https:\/\/blogs.correiobraziliense.com.br\/vicente\/?p=3309"},"modified":"2016-09-29T10:50:46","modified_gmt":"2016-09-29T13:50:46","slug":"caixa-esta-parada-desde-inicio-de-2015-dizem-funcionarios","status":"publish","type":"post","link":"https:\/\/blogs.correiobraziliense.com.br\/vicente\/caixa-esta-parada-desde-inicio-de-2015-dizem-funcionarios\/","title":{"rendered":"Caixa est\u00e1 parada desde in\u00edcio de 2015, dizem funcion\u00e1rios"},"content":{"rendered":"<p>A chegada de Gilberto Occhi \u00e0 presid\u00eancia da Caixa Econ\u00f4mica Federal em nada mudou o dia a dia do banco, na avalia\u00e7\u00e3o de funcion\u00e1rios. Eles dizem que tudo est\u00e1 parado desde o in\u00edcio de 2015, quando a institui\u00e7\u00e3o passou a ser comandada pela petista Miriam Belchior.<\/p>\n<p>&nbsp;<\/p>\n<p>Para funcion\u00e1rios da Caixa, o que se acumula s\u00e3o frustra\u00e7\u00f5es. Esperava-se que, com a troca de governo, o banco desse uma sacudida. Mas o que se v\u00ea s\u00e3o decis\u00f5es travadas, diretorias desmotivadas e um presidente que n\u00e3o consegue impor um ritmo novo aos neg\u00f3cios.<\/p>\n<p>&nbsp;<\/p>\n<p>Occhi, indicado pelo PP, n\u00e3o conseguiu at\u00e9 agora sequer mudar os vice-presidentes, muitos deles ligados ao PT. O Pal\u00e1cio do Planalto barrou todas as tentativas de nomea\u00e7\u00e3o, de olho no mapa das elei\u00e7\u00f5es municipais.<\/p>\n<p>&nbsp;<\/p>\n<p><em>Bras\u00edlia, 08h30min<\/em><\/p>\n","protected":false},"excerpt":{"rendered":"<p>A chegada de Gilberto Occhi \u00e0 presid\u00eancia da Caixa Econ\u00f4mica Federal em nada mudou o dia a dia do banco, na avalia\u00e7\u00e3o de funcion\u00e1rios. Eles dizem que tudo est\u00e1 parado desde o in\u00edcio de 2015, quando a institui\u00e7\u00e3o passou a ser comandada pela petista Miriam Belchior. &nbsp; Para funcion\u00e1rios da Caixa, o que se acumula [&hellip;]<\/p>\n","protected":false},"author":22,"featured_media":0,"comment_status":"open","ping_status":"closed","sticky":false,"template":"","format":"standard","meta":{"footnotes":""},"categories":[600],"tags":[115,1333,296,1332,525],"class_list":["post-3309","post","type-post","status-publish","format-standard","hentry","category-economia","tag-caixa-economica-federal","tag-decepcao-de-funcionarios","tag-gilberto-occhi","tag-nomeacoes-para-a-vice-presidencia","tag-pp"],"_links":{"self":[{"href":"https:\/\/blogs.correiobraziliense.com.br\/vicente\/wp-json\/wp\/v2\/posts\/3309","targetHints":{"allow":["GET"]}}],"collection":[{"href":"https:\/\/blogs.correiobraziliense.com.br\/vicente\/wp-json\/wp\/v2\/posts"}],"about":[{"href":"https:\/\/blogs.correiobraziliense.com.br\/vicente\/wp-json\/wp\/v2\/types\/post"}],"author":[{"embeddable":true,"href":"https:\/\/blogs.correiobraziliense.com.br\/vicente\/wp-json\/wp\/v2\/users\/22"}],"replies":[{"embeddable":true,"href":"https:\/\/blogs.correiobraziliense.com.br\/vicente\/wp-json\/wp\/v2\/comments?post=3309"}],"version-history":[{"count":1,"href":"https:\/\/blogs.correiobraziliense.com.br\/vicente\/wp-json\/wp\/v2\/posts\/3309\/revisions"}],"predecessor-version":[{"id":3310,"href":"https:\/\/blogs.correiobraziliense.com.br\/vicente\/wp-json\/wp\/v2\/posts\/3309\/revisions\/3310"}],"wp:attachment":[{"href":"https:\/\/blogs.correiobraziliense.com.br\/vicente\/wp-json\/wp\/v2\/media?parent=3309"}],"wp:term":[{"taxonomy":"category","embeddable":true,"href":"https:\/\/blogs.correiobraziliense.com.br\/vicente\/wp-json\/wp\/v2\/categories?post=3309"},{"taxonomy":"post_tag","embeddable":true,"href":"https:\/\/blogs.correiobraziliense.com.br\/vicente\/wp-json\/wp\/v2\/tags?post=3309"}],"curies":[{"name":"wp","href":"https:\/\/api.w.org\/{rel}","templated":true}]}}