{"id":3300,"date":"2016-09-28T09:10:45","date_gmt":"2016-09-28T12:10:45","guid":{"rendered":"https:\/\/blogs.correiobraziliense.com.br\/vicente\/?p=3300"},"modified":"2016-09-28T11:36:04","modified_gmt":"2016-09-28T14:36:04","slug":"ilan-faz-um-bom-trabalho-diz-michel-temer-sobre-perspectiva-de-queda-dos-juros","status":"publish","type":"post","link":"https:\/\/blogs.correiobraziliense.com.br\/vicente\/ilan-faz-um-bom-trabalho-diz-michel-temer-sobre-perspectiva-de-queda-dos-juros\/","title":{"rendered":"&#8220;Ilan faz um bom trabalho&#8221;, diz Michel Temer sobre perspectiva de queda dos juros"},"content":{"rendered":"<p>O governo est\u00e1 comemorando a perspectiva de queda da taxa b\u00e1sica de juros (Selic) em outubro. A aposta no entorno do presidente Michel Temer \u00e9 de que o corte seja de 0,50 ponto percentual, de 14,25% para 13,75% ao ano, em linha com que projeta o segundo banco privado do pa\u00eds, o Bradesco. O Pal\u00e1cio do Planalto acredita em outro corte de 0,50 ponto em novembro, com a Selic encerrando 2016 em 13,25%. O Ita\u00fa Unibanco prev\u00ea redu\u00e7\u00e3o de 0,25 ponto em outubro.<\/p>\n<p>&nbsp;<\/p>\n<p>A interlocutores, Temer ressaltou a import\u00e2ncia de os juros ca\u00edrem logo para acentuar a melhora da confian\u00e7a que se observa entre consumidores e empres\u00e1rios. &#8220;Ilan faz um bom trabalho&#8221;, afirma o presidente, segundo um de seus assessores. Para Temer, est\u00e1 clara que a atual diretoria do BC conseguiu restabelecer a credibilidade da institui\u00e7\u00e3o, que havia sido perdida na gest\u00e3o de Dilma Rousseff.<\/p>\n<p>&nbsp;<\/p>\n<p>Para o presidente, segundo assessores, a queda dos juros, quando come\u00e7ar, ser\u00e1 prolongada, porque o governo entregar\u00e1 para o BC o prometido ajuste fiscal, com a aprova\u00e7\u00e3o da Proposta de Emenda \u00e0 Constitui\u00e7\u00e3o (PEC) que limita o aumento de gastos \u00e0 infla\u00e7\u00e3o do ano anterior, e o encaminhamento da reforma da Previd\u00eancia ao Congresso.<\/p>\n<p>&nbsp;<\/p>\n<p><em>Bras\u00edlia, 09h10min<\/em><\/p>\n","protected":false},"excerpt":{"rendered":"<p>O governo est\u00e1 comemorando a perspectiva de queda da taxa b\u00e1sica de juros (Selic) em outubro. A aposta no entorno do presidente Michel Temer \u00e9 de que o corte seja de 0,50 ponto percentual, de 14,25% para 13,75% ao ano, em linha com que projeta o segundo banco privado do pa\u00eds, o Bradesco. O Pal\u00e1cio [&hellip;]<\/p>\n","protected":false},"author":22,"featured_media":0,"comment_status":"open","ping_status":"closed","sticky":false,"template":"","format":"standard","meta":{"footnotes":""},"categories":[600],"tags":[1323,1320,3,491,1321,1324,107,1212,111,1325,1322,933,1157],"class_list":["post-3300","post","type-post","status-publish","format-standard","hentry","category-economia","tag-50-ponto-percentual","tag-aprovacao-no-congresso","tag-banco-central","tag-bradesco","tag-corte-da-selic","tag-em-outubro","tag-ilan-goldfajn","tag-itau-unibanco","tag-michel-temer","tag-pec-do-teto-dos-gastos","tag-queda-de-0","tag-reforma-da-previdencia","tag-taxa-de-juros"],"_links":{"self":[{"href":"https:\/\/blogs.correiobraziliense.com.br\/vicente\/wp-json\/wp\/v2\/posts\/3300","targetHints":{"allow":["GET"]}}],"collection":[{"href":"https:\/\/blogs.correiobraziliense.com.br\/vicente\/wp-json\/wp\/v2\/posts"}],"about":[{"href":"https:\/\/blogs.correiobraziliense.com.br\/vicente\/wp-json\/wp\/v2\/types\/post"}],"author":[{"embeddable":true,"href":"https:\/\/blogs.correiobraziliense.com.br\/vicente\/wp-json\/wp\/v2\/users\/22"}],"replies":[{"embeddable":true,"href":"https:\/\/blogs.correiobraziliense.com.br\/vicente\/wp-json\/wp\/v2\/comments?post=3300"}],"version-history":[{"count":2,"href":"https:\/\/blogs.correiobraziliense.com.br\/vicente\/wp-json\/wp\/v2\/posts\/3300\/revisions"}],"predecessor-version":[{"id":3302,"href":"https:\/\/blogs.correiobraziliense.com.br\/vicente\/wp-json\/wp\/v2\/posts\/3300\/revisions\/3302"}],"wp:attachment":[{"href":"https:\/\/blogs.correiobraziliense.com.br\/vicente\/wp-json\/wp\/v2\/media?parent=3300"}],"wp:term":[{"taxonomy":"category","embeddable":true,"href":"https:\/\/blogs.correiobraziliense.com.br\/vicente\/wp-json\/wp\/v2\/categories?post=3300"},{"taxonomy":"post_tag","embeddable":true,"href":"https:\/\/blogs.correiobraziliense.com.br\/vicente\/wp-json\/wp\/v2\/tags?post=3300"}],"curies":[{"name":"wp","href":"https:\/\/api.w.org\/{rel}","templated":true}]}}