{"id":3298,"date":"2016-09-28T06:30:38","date_gmt":"2016-09-28T09:30:38","guid":{"rendered":"https:\/\/blogs.correiobraziliense.com.br\/vicente\/?p=3298"},"modified":"2016-09-28T06:44:59","modified_gmt":"2016-09-28T09:44:59","slug":"coluna-no-correio-bc-da-alivio-ao-planalto","status":"publish","type":"post","link":"https:\/\/blogs.correiobraziliense.com.br\/vicente\/coluna-no-correio-bc-da-alivio-ao-planalto\/","title":{"rendered":"Coluna no Correio: BC d\u00e1 al\u00edvio ao Planalto"},"content":{"rendered":"<p>POR SIMONE KAFRUNI<\/p>\n<p>&nbsp;<\/p>\n<p>O Banco Central deu muni\u00e7\u00e3o para o Pal\u00e1cio do Planalto sair do campo da fantasia e contar, finalmente, com dados concretos de melhora do ambiente econ\u00f4mico. Ao divulgar, ontem, o relat\u00f3rio trimestral de infla\u00e7\u00e3o, a autoridade monet\u00e1ria sinalizou que h\u00e1 espa\u00e7o para um corte agressivo na taxa b\u00e1sica Selic na pr\u00f3xima reuni\u00e3o do Comit\u00ea de Pol\u00edtica Monet\u00e1ria (Copom), em outubro. Como as decis\u00f5es do colegiado s\u00e3o tomadas olhando para as expectativas do custo de vida dos pr\u00f3ximos meses, a curva de juros j\u00e1 mira 2018.<\/p>\n<p>&nbsp;<\/p>\n<p>A infla\u00e7\u00e3o anual medida pelo \u00cdndice de Pre\u00e7os ao Consumidor Amplo (IPCA) deve fechar 2016 em 7,3%, recuar para 4,4% em 2017, portanto abaixo do centro da meta de 4,5%, e chegar a 3,8% no fim de 2018. Isso no cen\u00e1rio de refer\u00eancia do BC, que considera a taxa b\u00e1sica em 14,25% ao ano e c\u00e2mbio de R$ 3,30 ao longo do per\u00edodo.<\/p>\n<p>&nbsp;<\/p>\n<p>Os dados apontam para o arrefecimento da carestia e sacramentam, na opini\u00e3o de Eduardo Velho, economista-chefe da INVX Global Partners, que o Copom reduzir\u00e1 a Selic em 0,25 ponto percentual na reuni\u00e3o de outubro. \u201cEssa redu\u00e7\u00e3o ser\u00e1 mais forte na medida em que o ajuste fiscal avan\u00e7ar no Congresso, sobretudo com aprova\u00e7\u00e3o da PEC (Proposta de Emenda \u00e0 Constitui\u00e7\u00e3o) do teto dos gastos\u201d, diz.<\/p>\n<p>&nbsp;<\/p>\n<p>O corte deve ser ainda mais agressivo, ressalta Carlos Thadeu de Freitas, ex-diretor do Banco Central e economista-chefe da Confedera\u00e7\u00e3o Nacional do Com\u00e9rcio (CNC), para quem o Copom vai reduzir os juros em 0,50 ponto percentual na pr\u00f3xima reuni\u00e3o e em mais 0,50 no \u00faltimo encontro do ano. \u201cA expectativa de infla\u00e7\u00e3o est\u00e1 caindo. O BC projeta estar at\u00e9 abaixo do centro da meta. Portanto, h\u00e1 como tirar 1 ponto percentual da Selic e fechar 2016 com juros b\u00e1sicos em 13,25%\u201d, assinala.<\/p>\n<p>&nbsp;<\/p>\n<p>Com a medida, apostam os especialistas, a economia voltar\u00e1 a crescer porque as taxas de juros ativas, praticadas pelos bancos em empr\u00e9stimos e linhas de financiamento, tendem a cair. \u201cHoje, o setor privado est\u00e1 com uma restri\u00e7\u00e3o brutal de cr\u00e9dito e come\u00e7a a n\u00e3o ter como pagar suas d\u00edvidas. A queda de juros trar\u00e1 uma perspectiva melhor, de mais confian\u00e7a\u201d, afirma Freitas.<\/p>\n<p>&nbsp;<\/p>\n<p>Al\u00e9m dos dados do BC, o governo Michel Temer tamb\u00e9m conta com a ajuda do cen\u00e1rio externo. O Federal Reserve (Fed, banco central norte-americano) decidiu n\u00e3o aumentar juros em setembro e sinaliza deixar para o ano que vem qualquer mudan\u00e7a na pol\u00edtica monet\u00e1ria, o que segura o d\u00f3lar nos patamares atuais. Com menor risco externo, menos press\u00e3o do c\u00e2mbio na carestia.<\/p>\n<p>&nbsp;<\/p>\n<p>At\u00e9 o debate entre os candidatos \u00e0 presid\u00eancia dos Estados Unidos Hillary Clinton e Donald Trump ajudou o Pal\u00e1cio do Planalto a deixar de lado a torcida para se fundamentar na realidade, garante Eduardo Velho. \u201cHouve um consenso, ao menos da m\u00eddia internacional, de que Hillary foi melhor do que Trump. Com ela eleita, a volatilidade do d\u00f3lar no mercado mundial ser\u00e1 menor\u201d, explica.<\/p>\n<p>&nbsp;<\/p>\n<p>Mesmo para os mais pessimistas, os dados do relat\u00f3rio de infla\u00e7\u00e3o do BC indicam que a Selic n\u00e3o vai fechar 2016 nos atuais 14,25% ao ano. No entender de M\u00e1rcio Milan, analista da Tend\u00eancias Consultoria, o espa\u00e7o para redu\u00e7\u00e3o de juros ainda \u00e9 dif\u00edcil. \u201cConsideramos a possibilidade apenas no fim do ano. Isso porque o BC ainda olha com cautela a infla\u00e7\u00e3o dos servi\u00e7os\u201d, ressalta. Sinais positivos reais come\u00e7am a aparecer, mas o governo n\u00e3o pode relaxar: a retomada s\u00f3 vir\u00e1 depois do ajuste fiscal.<\/p>\n<p>&nbsp;<\/p>\n<p><i>Bras\u00edlia, 06h30min<\/i><\/p>\n","protected":false},"excerpt":{"rendered":"<p>POR SIMONE KAFRUNI &nbsp; O Banco Central deu muni\u00e7\u00e3o para o Pal\u00e1cio do Planalto sair do campo da fantasia e contar, finalmente, com dados concretos de melhora do ambiente econ\u00f4mico. Ao divulgar, ontem, o relat\u00f3rio trimestral de infla\u00e7\u00e3o, a autoridade monet\u00e1ria sinalizou que h\u00e1 espa\u00e7o para um corte agressivo na taxa b\u00e1sica Selic na pr\u00f3xima [&hellip;]<\/p>\n","protected":false},"author":22,"featured_media":0,"comment_status":"open","ping_status":"closed","sticky":false,"template":"","format":"standard","meta":{"footnotes":""},"categories":[600],"tags":[3,96,74,14,111,176,471,1319],"class_list":["post-3298","post","type-post","status-publish","format-standard","hentry","category-economia","tag-banco-central","tag-carlos-thadeu-de-freitas-gomes","tag-eduardo-velho","tag-inflacao","tag-michel-temer","tag-palacio-do-planalto","tag-relatorio-trimestral-de-inflacao","tag-taxa-basica-de-juros"],"_links":{"self":[{"href":"https:\/\/blogs.correiobraziliense.com.br\/vicente\/wp-json\/wp\/v2\/posts\/3298","targetHints":{"allow":["GET"]}}],"collection":[{"href":"https:\/\/blogs.correiobraziliense.com.br\/vicente\/wp-json\/wp\/v2\/posts"}],"about":[{"href":"https:\/\/blogs.correiobraziliense.com.br\/vicente\/wp-json\/wp\/v2\/types\/post"}],"author":[{"embeddable":true,"href":"https:\/\/blogs.correiobraziliense.com.br\/vicente\/wp-json\/wp\/v2\/users\/22"}],"replies":[{"embeddable":true,"href":"https:\/\/blogs.correiobraziliense.com.br\/vicente\/wp-json\/wp\/v2\/comments?post=3298"}],"version-history":[{"count":1,"href":"https:\/\/blogs.correiobraziliense.com.br\/vicente\/wp-json\/wp\/v2\/posts\/3298\/revisions"}],"predecessor-version":[{"id":3299,"href":"https:\/\/blogs.correiobraziliense.com.br\/vicente\/wp-json\/wp\/v2\/posts\/3298\/revisions\/3299"}],"wp:attachment":[{"href":"https:\/\/blogs.correiobraziliense.com.br\/vicente\/wp-json\/wp\/v2\/media?parent=3298"}],"wp:term":[{"taxonomy":"category","embeddable":true,"href":"https:\/\/blogs.correiobraziliense.com.br\/vicente\/wp-json\/wp\/v2\/categories?post=3298"},{"taxonomy":"post_tag","embeddable":true,"href":"https:\/\/blogs.correiobraziliense.com.br\/vicente\/wp-json\/wp\/v2\/tags?post=3298"}],"curies":[{"name":"wp","href":"https:\/\/api.w.org\/{rel}","templated":true}]}}