{"id":3295,"date":"2016-09-27T18:35:53","date_gmt":"2016-09-27T21:35:53","guid":{"rendered":"https:\/\/blogs.correiobraziliense.com.br\/vicente\/?p=3295"},"modified":"2016-09-27T20:12:39","modified_gmt":"2016-09-27T23:12:39","slug":"servidores-da-receita-chamam-de-imoral-proposta-de-mudar-projeto-de-repatriacao","status":"publish","type":"post","link":"https:\/\/blogs.correiobraziliense.com.br\/vicente\/servidores-da-receita-chamam-de-imoral-proposta-de-mudar-projeto-de-repatriacao\/","title":{"rendered":"Servidores da Receita chamam de imoral proposta de mudar projeto de repatria\u00e7\u00e3o"},"content":{"rendered":"<p>Contr\u00e1rios ao projeto de repatria\u00e7\u00e3o, que permite que recursos enviados ilegalmente para o exterior sejam legalizados, auditores da Receita Federal est\u00e3o gritando contra a proposta do Congresso de flexibilizar ainda mais as regras aos poss\u00edveis benefici\u00e1rios.<\/p>\n<p>&nbsp;<\/p>\n<p>Segundo a Associa\u00e7\u00e3o dos Auditores Fiscais da Receita (Unafisco), desde o in\u00edcio, o projeto de repatria\u00e7\u00e3o apresentado pelo ent\u00e3o ministro da Fazenda, Joaquim Levy, se mostrou equivocado, pois beneficia aqueles que recorreram \u00e0 lavagem, \u00e0 corrup\u00e7\u00e3o e ao tr\u00e1fico.<\/p>\n<p>&nbsp;<\/p>\n<p>Na vis\u00e3o dos auditores, estabelecer a cobran\u00e7a de tributos e multas apenas sobre o saldo de 2014 derrubar\u00e1 a arrecada\u00e7\u00e3o, j\u00e1 artificialmente inflada por estimativas sem qualquer base confi\u00e1vel tanto do governo, quanto de bancos e tributaristas.<\/p>\n<p>&nbsp;<\/p>\n<p>Para Kleber Cabral, presidente da Unafisco, \u201cos que cometeram os crimes listados na Lei da Repatria\u00e7\u00e3o e gastaram tudo estar\u00e3o automaticamente anistiados, sem necessidade de pagamento\u201d. Ele ressalta ainda que\u00a0o que &#8220;j\u00e1 era vergonhoso ficar\u00e1 imoral, porque, em meio a uma s\u00e9ria crise fiscal, tais mudan\u00e7as n\u00e3o trazem qualquer benef\u00edcio para o Estado que acaba ficando s\u00f3 com o custo moral da anistia penal&#8221;.<\/p>\n<p>&nbsp;<\/p>\n<p>Cabral ressalta que caberia ao secret\u00e1rio da Receita, Jorge Rachid, dar lisura institucional a esses atos. \u201cTeria cabido \u00e0 Receita contrapor-se tecnicamente \u00e0 proposta j\u00e1 em seu nascedouro. A modifica\u00e7\u00e3o que se alinhava na C\u00e2mara dos Deputados mereceria uma postura muito mais contundente por parte do Fisco\u201d, diz. Diante do que classifica como paralisia do Fisco,\u00a0a Unafisco amea\u00e7a entrar com nova A\u00e7\u00e3o Direta de Inconstitucionalidade no Supremo Tribunal Federal (STF) caso a mudan\u00e7a seja aprovada, al\u00e9m de acionar o Minist\u00e9rio P\u00fablico.<\/p>\n<p>&nbsp;<\/p>\n<p><em>Bras\u00edlia, 18h35min<\/em><\/p>\n","protected":false},"excerpt":{"rendered":"<p>Contr\u00e1rios ao projeto de repatria\u00e7\u00e3o, que permite que recursos enviados ilegalmente para o exterior sejam legalizados, auditores da Receita Federal est\u00e3o gritando contra a proposta do Congresso de flexibilizar ainda mais as regras aos poss\u00edveis benefici\u00e1rios. &nbsp; Segundo a Associa\u00e7\u00e3o dos Auditores Fiscais da Receita (Unafisco), desde o in\u00edcio, o projeto de repatria\u00e7\u00e3o apresentado pelo [&hellip;]<\/p>\n","protected":false},"author":22,"featured_media":0,"comment_status":"open","ping_status":"closed","sticky":false,"template":"","format":"standard","meta":{"footnotes":""},"categories":[600],"tags":[341,179,1315,648,1317,1313,8,1316,1318,1314],"class_list":["post-3295","post","type-post","status-publish","format-standard","hentry","category-economia","tag-camara-dos-deputados","tag-crise","tag-imoralidade","tag-jorge-rachid","tag-lavagem-de-dinheiro","tag-lei-da-repatriacao","tag-receita-federal","tag-sonegacao","tag-trafico","tag-unafisco"],"_links":{"self":[{"href":"https:\/\/blogs.correiobraziliense.com.br\/vicente\/wp-json\/wp\/v2\/posts\/3295","targetHints":{"allow":["GET"]}}],"collection":[{"href":"https:\/\/blogs.correiobraziliense.com.br\/vicente\/wp-json\/wp\/v2\/posts"}],"about":[{"href":"https:\/\/blogs.correiobraziliense.com.br\/vicente\/wp-json\/wp\/v2\/types\/post"}],"author":[{"embeddable":true,"href":"https:\/\/blogs.correiobraziliense.com.br\/vicente\/wp-json\/wp\/v2\/users\/22"}],"replies":[{"embeddable":true,"href":"https:\/\/blogs.correiobraziliense.com.br\/vicente\/wp-json\/wp\/v2\/comments?post=3295"}],"version-history":[{"count":1,"href":"https:\/\/blogs.correiobraziliense.com.br\/vicente\/wp-json\/wp\/v2\/posts\/3295\/revisions"}],"predecessor-version":[{"id":3296,"href":"https:\/\/blogs.correiobraziliense.com.br\/vicente\/wp-json\/wp\/v2\/posts\/3295\/revisions\/3296"}],"wp:attachment":[{"href":"https:\/\/blogs.correiobraziliense.com.br\/vicente\/wp-json\/wp\/v2\/media?parent=3295"}],"wp:term":[{"taxonomy":"category","embeddable":true,"href":"https:\/\/blogs.correiobraziliense.com.br\/vicente\/wp-json\/wp\/v2\/categories?post=3295"},{"taxonomy":"post_tag","embeddable":true,"href":"https:\/\/blogs.correiobraziliense.com.br\/vicente\/wp-json\/wp\/v2\/tags?post=3295"}],"curies":[{"name":"wp","href":"https:\/\/api.w.org\/{rel}","templated":true}]}}