{"id":3292,"date":"2016-09-27T17:22:56","date_gmt":"2016-09-27T20:22:56","guid":{"rendered":"https:\/\/blogs.correiobraziliense.com.br\/vicente\/?p=3292"},"modified":"2016-09-27T18:40:46","modified_gmt":"2016-09-27T21:40:46","slug":"ministerio-publico-denuncia-ex-servidora-do-senado-por-peculado-e-falsidade-ideologica","status":"publish","type":"post","link":"https:\/\/blogs.correiobraziliense.com.br\/vicente\/ministerio-publico-denuncia-ex-servidora-do-senado-por-peculado-e-falsidade-ideologica\/","title":{"rendered":"Minist\u00e9rio P\u00fablico denuncia ex-servidora do Senado por peculado e falsidade ideol\u00f3gica"},"content":{"rendered":"<p>Os abusos em rela\u00e7\u00e3o ao dinheiro p\u00fablico s\u00e3o alarmantes. Para tentar dar exemplo, o Minist\u00e9rio P\u00fablico Federal (MPF) denunciou \u00e0 Justi\u00e7a uma ex-servidora p\u00fablica pela pr\u00e1tica dos crimes de peculato e falsidade ideol\u00f3gica.<\/p>\n<p>&nbsp;<\/p>\n<p>Segundo inqu\u00e9rito policial, durante 25 anos, Teresa M\u00f4nica Nunes de Barros Mendes acumulou, ilegalmente, os cargos de analista \u00a0do Senado e de escriv\u00e3 do Tribunal de Justi\u00e7a do Piau\u00ed. Al\u00e9m da a\u00e7\u00e3o penal, a ex-servidora poder\u00e1 ser processada por improbidade administrativa e ser obrigada a devolver aos cofres p\u00fablicos os valores recebidos de forma indevida.<\/p>\n<p>&nbsp;<\/p>\n<p>O procurador da Rep\u00fablica Frederico de Carvalho Paiva explica, na den\u00fancia, que o caso foi descoberto em 2010, quando o Senado cedeu a ent\u00e3o analista para a Assembleia Legislativa do Piau\u00ed. Na \u00e9poca, a Secretaria de Controle Externo do Parlamento Federal realizou uma auditoria para registrar os cr\u00e9ditos que a Casa deveria receber de estados e munic\u00edpios em decorr\u00eancia da cess\u00e3o de servidores. A partir das informa\u00e7\u00f5es enviadas pelo TJ, foi poss\u00edvel constatar a irregularidade no caso de Teresa Mendes.<\/p>\n<p>&nbsp;<\/p>\n<p>Nos documentos reunidos durante a fase preliminar da investiga\u00e7\u00e3o, constatou-se que a acumula\u00e7\u00e3o indevida dos dois cargos aconteceu entre 26 de fevereiro de 1986 a 19 de abril de 2011, quando a ent\u00e3o servidora foi exonerada do Tribunal de Justi\u00e7a.<\/p>\n<p>&nbsp;<\/p>\n<p>\u201cPara que a acumula\u00e7\u00e3o ilegal fosse poss\u00edvel, a denunciada valeu-se de uma estrat\u00e9gia simples, visto que, no tempo em que permaneceu como servidora do TJPI, esteve afastada, \u00e0 disposi\u00e7\u00e3o do governo do estado do Piau\u00ed, o que implicou no n\u00e3o exerc\u00edcio das atribui\u00e7\u00f5es do cargo de escriv\u00e3 judicial\u201d, detalha o procurador na a\u00e7\u00e3o penal.<\/p>\n<p>&nbsp;<\/p>\n<p>Na den\u00fancia que ser\u00e1 apreciada pela Justi\u00e7a Federal em Bras\u00edlia, o MPF destaca, que para continuar mantendo os dois v\u00ednculos e, consequentemente, recebendo dois sal\u00e1rios, Teresa Mendes forneceu informa\u00e7\u00f5es falsas ao estado do Piau\u00ed.<\/p>\n<p>&nbsp;<\/p>\n<p>Em pelo menos duas ocasi\u00f5es: nos recadastramentos realizados pelo Senado em 2009 e 2010, ela declarou n\u00e3o possuir outros v\u00ednculos remunerat\u00f3rios com institui\u00e7\u00f5es p\u00fablicas ou privadas, uma atitude que configura a pr\u00e1tica de falsidade ideol\u00f3gica. J\u00e1 o peculato se caracteriza pela apropria\u00e7\u00e3o indevida de recursos p\u00fablicos destinados ao pagamento de sal\u00e1rios sem a contrapresta\u00e7\u00e3o do servi\u00e7o. Neste caso, frisa o procurador, a pr\u00e1tica se deu de forma permanente, pois a irregularidade se estendeu por mais de duas d\u00e9cadas.<\/p>\n<p>&nbsp;<\/p>\n<p>O Minist\u00e9rio P\u00fablico diz ter provas tanto da materialidade quanto da autoria dos dois crimes. Por isso,pede que Teresa Mendes seja condenada na esfera criminal. Somadas, as penas m\u00e1ximas para a pr\u00e1tica de peculato e falsidade ideol\u00f3gica podem chegar a 17 anos de reclus\u00e3o. Procurada pelo <strong>Blog<\/strong>, Teresa Mendes n\u00e3o foi encontrada.<\/p>\n<p>&nbsp;<\/p>\n<p><em>Bras\u00edlia, 17h22min<\/em><\/p>\n","protected":false},"excerpt":{"rendered":"<p>Os abusos em rela\u00e7\u00e3o ao dinheiro p\u00fablico s\u00e3o alarmantes. Para tentar dar exemplo, o Minist\u00e9rio P\u00fablico Federal (MPF) denunciou \u00e0 Justi\u00e7a uma ex-servidora p\u00fablica pela pr\u00e1tica dos crimes de peculato e falsidade ideol\u00f3gica. &nbsp; Segundo inqu\u00e9rito policial, durante 25 anos, Teresa M\u00f4nica Nunes de Barros Mendes acumulou, ilegalmente, os cargos de analista \u00a0do Senado e [&hellip;]<\/p>\n","protected":false},"author":22,"featured_media":0,"comment_status":"open","ping_status":"closed","sticky":false,"template":"","format":"standard","meta":{"footnotes":""},"categories":[600],"tags":[1311,1309,1310,1307,1312,586,1308],"class_list":["post-3292","post","type-post","status-publish","format-standard","hentry","category-economia","tag-assembleia-legislativa-do-piaui","tag-falsidade-ideologica","tag-improbidade-administrativa","tag-ministerio-publico-condena-servidora","tag-peculato","tag-senado","tag-tribunal-de-justica-do-piaui"],"_links":{"self":[{"href":"https:\/\/blogs.correiobraziliense.com.br\/vicente\/wp-json\/wp\/v2\/posts\/3292","targetHints":{"allow":["GET"]}}],"collection":[{"href":"https:\/\/blogs.correiobraziliense.com.br\/vicente\/wp-json\/wp\/v2\/posts"}],"about":[{"href":"https:\/\/blogs.correiobraziliense.com.br\/vicente\/wp-json\/wp\/v2\/types\/post"}],"author":[{"embeddable":true,"href":"https:\/\/blogs.correiobraziliense.com.br\/vicente\/wp-json\/wp\/v2\/users\/22"}],"replies":[{"embeddable":true,"href":"https:\/\/blogs.correiobraziliense.com.br\/vicente\/wp-json\/wp\/v2\/comments?post=3292"}],"version-history":[{"count":2,"href":"https:\/\/blogs.correiobraziliense.com.br\/vicente\/wp-json\/wp\/v2\/posts\/3292\/revisions"}],"predecessor-version":[{"id":3294,"href":"https:\/\/blogs.correiobraziliense.com.br\/vicente\/wp-json\/wp\/v2\/posts\/3292\/revisions\/3294"}],"wp:attachment":[{"href":"https:\/\/blogs.correiobraziliense.com.br\/vicente\/wp-json\/wp\/v2\/media?parent=3292"}],"wp:term":[{"taxonomy":"category","embeddable":true,"href":"https:\/\/blogs.correiobraziliense.com.br\/vicente\/wp-json\/wp\/v2\/categories?post=3292"},{"taxonomy":"post_tag","embeddable":true,"href":"https:\/\/blogs.correiobraziliense.com.br\/vicente\/wp-json\/wp\/v2\/tags?post=3292"}],"curies":[{"name":"wp","href":"https:\/\/api.w.org\/{rel}","templated":true}]}}