{"id":3290,"date":"2016-09-27T09:09:20","date_gmt":"2016-09-27T12:09:20","guid":{"rendered":"https:\/\/blogs.correiobraziliense.com.br\/vicente\/?p=3290"},"modified":"2016-09-27T12:26:40","modified_gmt":"2016-09-27T15:26:40","slug":"bc-sentencia-queda-dos-juros","status":"publish","type":"post","link":"https:\/\/blogs.correiobraziliense.com.br\/vicente\/bc-sentencia-queda-dos-juros\/","title":{"rendered":"BC sentencia queda dos juros"},"content":{"rendered":"<p>Ao prever infla\u00e7\u00e3o abaixo do centro da meta, de 4,5%, em 2017, o Banco Central praticamente sentenciou a queda da taxa b\u00e1sica de juros (Selic) ainda neste ano. A aposta da maior parte dos especialistas \u00e9 de que o corte comece em outubro. A d\u00favida \u00e9 sobre o tamanho: se de 0,25 ou de 0,50 ponto percentual.<\/p>\n<p>&nbsp;<\/p>\n<p>Pela previs\u00e3o do BC, segundo o relat\u00f3rio trimestral de infla\u00e7\u00e3o,o \u00cdndice de Pre\u00e7os ao Consumidor Amplo (IPCA) de 2017 ser\u00e1 de 4,4%,\u00a0com probabilidade de 12% de estouro do teto da meta, de 6,5%, o que, na atual conjuntura, ningu\u00e9m acredita.<\/p>\n<p>&nbsp;<\/p>\n<p>O objetivo do presidente da autoridade monet\u00e1ria, Ilan Goldfajn, \u00e9 iniciar o ciclo de redu\u00e7\u00e3o da Selic e n\u00e3o interromp\u00ea-lo at\u00e9 que se chegue a um n\u00edvel de equil\u00edbrio, que estimule o crescimento da economia e, ao mesmo tempo, n\u00e3o pressione a infla\u00e7\u00e3o.<\/p>\n<p>&nbsp;<\/p>\n<p>Dentro do Pal\u00e1cio do Planalto, a perspectiva \u00e9 de que os juros comecem a cair em outubro e que o BC seja mais agressivo, com corte de 0,50 ponto, dos atuais 14,25% para 13,75% ao ano. \u00c9 uma forma, no entender do presidente, Michel Temer, de dar um novo \u00e2nimo \u00e0 economia.<\/p>\n<p>&nbsp;<\/p>\n<p><em>Bras\u00edlia, 09h09min<\/em><\/p>\n","protected":false},"excerpt":{"rendered":"<p>Ao prever infla\u00e7\u00e3o abaixo do centro da meta, de 4,5%, em 2017, o Banco Central praticamente sentenciou a queda da taxa b\u00e1sica de juros (Selic) ainda neste ano. A aposta da maior parte dos especialistas \u00e9 de que o corte comece em outubro. A d\u00favida \u00e9 sobre o tamanho: se de 0,25 ou de 0,50 [&hellip;]<\/p>\n","protected":false},"author":22,"featured_media":0,"comment_status":"open","ping_status":"closed","sticky":false,"template":"","format":"standard","meta":{"footnotes":""},"categories":[600],"tags":[1305,1306,3,1303,107,111,34,1304],"class_list":["post-3290","post","type-post","status-publish","format-standard","hentry","category-economia","tag-1305","tag-4-para-2017","tag-banco-central","tag-corte-de-juros","tag-ilan-goldfajn","tag-michel-temer","tag-selic","tag-taxa-basica"],"_links":{"self":[{"href":"https:\/\/blogs.correiobraziliense.com.br\/vicente\/wp-json\/wp\/v2\/posts\/3290","targetHints":{"allow":["GET"]}}],"collection":[{"href":"https:\/\/blogs.correiobraziliense.com.br\/vicente\/wp-json\/wp\/v2\/posts"}],"about":[{"href":"https:\/\/blogs.correiobraziliense.com.br\/vicente\/wp-json\/wp\/v2\/types\/post"}],"author":[{"embeddable":true,"href":"https:\/\/blogs.correiobraziliense.com.br\/vicente\/wp-json\/wp\/v2\/users\/22"}],"replies":[{"embeddable":true,"href":"https:\/\/blogs.correiobraziliense.com.br\/vicente\/wp-json\/wp\/v2\/comments?post=3290"}],"version-history":[{"count":1,"href":"https:\/\/blogs.correiobraziliense.com.br\/vicente\/wp-json\/wp\/v2\/posts\/3290\/revisions"}],"predecessor-version":[{"id":3291,"href":"https:\/\/blogs.correiobraziliense.com.br\/vicente\/wp-json\/wp\/v2\/posts\/3290\/revisions\/3291"}],"wp:attachment":[{"href":"https:\/\/blogs.correiobraziliense.com.br\/vicente\/wp-json\/wp\/v2\/media?parent=3290"}],"wp:term":[{"taxonomy":"category","embeddable":true,"href":"https:\/\/blogs.correiobraziliense.com.br\/vicente\/wp-json\/wp\/v2\/categories?post=3290"},{"taxonomy":"post_tag","embeddable":true,"href":"https:\/\/blogs.correiobraziliense.com.br\/vicente\/wp-json\/wp\/v2\/tags?post=3290"}],"curies":[{"name":"wp","href":"https:\/\/api.w.org\/{rel}","templated":true}]}}