{"id":3285,"date":"2016-09-26T20:08:31","date_gmt":"2016-09-26T23:08:31","guid":{"rendered":"https:\/\/blogs.correiobraziliense.com.br\/vicente\/?p=3285"},"modified":"2016-09-26T20:08:31","modified_gmt":"2016-09-26T23:08:31","slug":"defensores-publicos-entram-em-greve-partir-desta-terca-feira","status":"publish","type":"post","link":"https:\/\/blogs.correiobraziliense.com.br\/vicente\/defensores-publicos-entram-em-greve-partir-desta-terca-feira\/","title":{"rendered":"Defensores p\u00fablicos entram em greve a partir desta ter\u00e7a-feira"},"content":{"rendered":"<p>A press\u00e3o dos servidores por aumento de sal\u00e1rios e pela reestrutura\u00e7\u00e3o de carreiras vai aumentar. A partir desta ter\u00e7a-feira, 27, os defensores p\u00fablicos federais far\u00e3o greve contra a decis\u00e3o do presidente Michel Temer de vetar o Projeto de Lei Complementar (PLC) 32\/2016, que fixa o subs\u00eddio do defensor-geral e estabelece reajuste para a carreira.<\/p>\n<p>&nbsp;<\/p>\n<p>Segundo a Associa\u00e7\u00e3o Nacional dos Defensores P\u00fablicos Federais (Anadef), os servidores buscam di\u00e1logo com o governo h\u00e1 cerca de dois anos em busca de uma estrutura\u00e7\u00e3o remunerat\u00f3ria m\u00ednima, mas as conversas n\u00e3o avan\u00e7am. Por isso, permanecer\u00e3o em greve at\u00e9 a aprecia\u00e7\u00e3o do veto 37\/2016 pelo Congresso ou at\u00e9 nova delibera\u00e7\u00e3o da carreira.<\/p>\n<p>&nbsp;<\/p>\n<p>A Anadef ressalta que os defensores receberam a not\u00edcia do veto ao PLC 32\/2016 com incompreens\u00e3o, pois o impacto or\u00e7ament\u00e1rio representaria apenas 0,15% dos R$ 67 bilh\u00f5es do reajuste aprovado para as demais categorias do servi\u00e7o p\u00fablico. Segundo a presidente da entidade, Michelle Leite, o veto de Temer n\u00e3o se dirigiu apenas aos defensores, mas aos 143 milh\u00f5es de brasileiros que dependem da Defensoria P\u00fablica no pa\u00eds.<\/p>\n<p>&nbsp;<\/p>\n<p>\u201cA decis\u00e3o do presidente se voltou contra a institui\u00e7\u00e3o, que tem a miss\u00e3o de cuidar dos interesses das pessoas carentes, dos miser\u00e1veis\u201d, diz Michelle. Atualmente h\u00e1 620 defensores federais em atua\u00e7\u00e3o, com \u00edndice de evas\u00e3o de 40%. \u201cDevemos perder 60 defensores at\u00e9 o fim do ano\u201d, estima.<\/p>\n<p>&nbsp;<\/p>\n","protected":false},"excerpt":{"rendered":"<p>A press\u00e3o dos servidores por aumento de sal\u00e1rios e pela reestrutura\u00e7\u00e3o de carreiras vai aumentar. A partir desta ter\u00e7a-feira, 27, os defensores p\u00fablicos federais far\u00e3o greve contra a decis\u00e3o do presidente Michel Temer de vetar o Projeto de Lei Complementar (PLC) 32\/2016, que fixa o subs\u00eddio do defensor-geral e estabelece reajuste para a carreira. &nbsp; [&hellip;]<\/p>\n","protected":false},"author":22,"featured_media":0,"comment_status":"open","ping_status":"closed","sticky":false,"template":"","format":"standard","meta":{"footnotes":""},"categories":[600],"tags":[],"class_list":["post-3285","post","type-post","status-publish","format-standard","hentry","category-economia"],"_links":{"self":[{"href":"https:\/\/blogs.correiobraziliense.com.br\/vicente\/wp-json\/wp\/v2\/posts\/3285","targetHints":{"allow":["GET"]}}],"collection":[{"href":"https:\/\/blogs.correiobraziliense.com.br\/vicente\/wp-json\/wp\/v2\/posts"}],"about":[{"href":"https:\/\/blogs.correiobraziliense.com.br\/vicente\/wp-json\/wp\/v2\/types\/post"}],"author":[{"embeddable":true,"href":"https:\/\/blogs.correiobraziliense.com.br\/vicente\/wp-json\/wp\/v2\/users\/22"}],"replies":[{"embeddable":true,"href":"https:\/\/blogs.correiobraziliense.com.br\/vicente\/wp-json\/wp\/v2\/comments?post=3285"}],"version-history":[{"count":1,"href":"https:\/\/blogs.correiobraziliense.com.br\/vicente\/wp-json\/wp\/v2\/posts\/3285\/revisions"}],"predecessor-version":[{"id":3286,"href":"https:\/\/blogs.correiobraziliense.com.br\/vicente\/wp-json\/wp\/v2\/posts\/3285\/revisions\/3286"}],"wp:attachment":[{"href":"https:\/\/blogs.correiobraziliense.com.br\/vicente\/wp-json\/wp\/v2\/media?parent=3285"}],"wp:term":[{"taxonomy":"category","embeddable":true,"href":"https:\/\/blogs.correiobraziliense.com.br\/vicente\/wp-json\/wp\/v2\/categories?post=3285"},{"taxonomy":"post_tag","embeddable":true,"href":"https:\/\/blogs.correiobraziliense.com.br\/vicente\/wp-json\/wp\/v2\/tags?post=3285"}],"curies":[{"name":"wp","href":"https:\/\/api.w.org\/{rel}","templated":true}]}}