{"id":3281,"date":"2016-09-26T10:59:19","date_gmt":"2016-09-26T13:59:19","guid":{"rendered":"https:\/\/blogs.correiobraziliense.com.br\/vicente\/?p=3281"},"modified":"2016-09-26T19:08:47","modified_gmt":"2016-09-26T22:08:47","slug":"palocci-e-venda-de-informacoes","status":"publish","type":"post","link":"https:\/\/blogs.correiobraziliense.com.br\/vicente\/palocci-e-venda-de-informacoes\/","title":{"rendered":"Palocci e a venda de informa\u00e7\u00f5es"},"content":{"rendered":"<p>Uma das vertentes investigadas pela Pol\u00edcia Federal envolvendo Antonio Palocci, ex-ministro de Lula e de Dilma Rousseff, \u00e9 a proximidade dele com algumas institui\u00e7\u00f5es financeiras. N\u00e3o se descarta a possibilidade de venda de informa\u00e7\u00e3o privilegiada.<\/p>\n<p>&nbsp;<\/p>\n<p>Palocci, que est\u00e1 preso temporariamente acusado de liderar um esquema de propina pago pela\u00a0construtora\u00a0Odebrecht em troca de contratos com a Petrobras, se tornou o petista mais incensado pelo mercado financeiro. E n\u00e3o foi apenas pelas decis\u00f5es que tomou quando esteve no Minist\u00e9rio da Fazenda de Lula e na Casa Civil de Dilma.<\/p>\n<p>&nbsp;<\/p>\n<p>Para bancos e corretoras, receber minutos antes informa\u00e7\u00f5es sobre infla\u00e7\u00e3o, juros, medidas econ\u00f4micas e at\u00e9 a varia\u00e7\u00e3o do Produto Interno Bruto (PIB) pode resultar em milh\u00f5es em lucro. O mercado, como se sabe, n\u00e3o tem o menor pudor em corromper.<\/p>\n<p>&nbsp;<\/p>\n","protected":false},"excerpt":{"rendered":"<p>Uma das vertentes investigadas pela Pol\u00edcia Federal envolvendo Antonio Palocci, ex-ministro de Lula e de Dilma Rousseff, \u00e9 a proximidade dele com algumas institui\u00e7\u00f5es financeiras. N\u00e3o se descarta a possibilidade de venda de informa\u00e7\u00e3o privilegiada. &nbsp; Palocci, que est\u00e1 preso temporariamente acusado de liderar um esquema de propina pago pela\u00a0construtora\u00a0Odebrecht em troca de contratos com [&hellip;]<\/p>\n","protected":false},"author":22,"featured_media":0,"comment_status":"open","ping_status":"closed","sticky":false,"template":"","format":"standard","meta":{"footnotes":""},"categories":[600],"tags":[479,822,1294,255,1293,1295,1296,1292,1291],"class_list":["post-3281","post","type-post","status-publish","format-standard","hentry","category-economia","tag-antonio-palocci","tag-bancos","tag-corretoras","tag-corrupcao","tag-informacao-privilegiada","tag-ministerio-da-fazenda-de-lula","tag-ministro-da-casa-civil-de-dilma-rousseff","tag-prisao-pela-lava-jato","tag-venda-de-informacoes"],"_links":{"self":[{"href":"https:\/\/blogs.correiobraziliense.com.br\/vicente\/wp-json\/wp\/v2\/posts\/3281","targetHints":{"allow":["GET"]}}],"collection":[{"href":"https:\/\/blogs.correiobraziliense.com.br\/vicente\/wp-json\/wp\/v2\/posts"}],"about":[{"href":"https:\/\/blogs.correiobraziliense.com.br\/vicente\/wp-json\/wp\/v2\/types\/post"}],"author":[{"embeddable":true,"href":"https:\/\/blogs.correiobraziliense.com.br\/vicente\/wp-json\/wp\/v2\/users\/22"}],"replies":[{"embeddable":true,"href":"https:\/\/blogs.correiobraziliense.com.br\/vicente\/wp-json\/wp\/v2\/comments?post=3281"}],"version-history":[{"count":1,"href":"https:\/\/blogs.correiobraziliense.com.br\/vicente\/wp-json\/wp\/v2\/posts\/3281\/revisions"}],"predecessor-version":[{"id":3282,"href":"https:\/\/blogs.correiobraziliense.com.br\/vicente\/wp-json\/wp\/v2\/posts\/3281\/revisions\/3282"}],"wp:attachment":[{"href":"https:\/\/blogs.correiobraziliense.com.br\/vicente\/wp-json\/wp\/v2\/media?parent=3281"}],"wp:term":[{"taxonomy":"category","embeddable":true,"href":"https:\/\/blogs.correiobraziliense.com.br\/vicente\/wp-json\/wp\/v2\/categories?post=3281"},{"taxonomy":"post_tag","embeddable":true,"href":"https:\/\/blogs.correiobraziliense.com.br\/vicente\/wp-json\/wp\/v2\/tags?post=3281"}],"curies":[{"name":"wp","href":"https:\/\/api.w.org\/{rel}","templated":true}]}}