{"id":3278,"date":"2016-09-26T08:07:17","date_gmt":"2016-09-26T11:07:17","guid":{"rendered":"https:\/\/blogs.correiobraziliense.com.br\/vicente\/?p=3278"},"modified":"2016-09-26T18:55:07","modified_gmt":"2016-09-26T21:55:07","slug":"prisao-de-palocci-deixa-dirigentes-de-fundos-de-pensao-em-alerta","status":"publish","type":"post","link":"https:\/\/blogs.correiobraziliense.com.br\/vicente\/prisao-de-palocci-deixa-dirigentes-de-fundos-de-pensao-em-alerta\/","title":{"rendered":"Pris\u00e3o de Palocci deixa dirigentes de fundos de pens\u00e3o em alerta"},"content":{"rendered":"<p>Dirigentes e ex-dirigentes de fundos de pens\u00e3o de estatais, sobretudo da Previ (Banco do Brasil), da Petros (Petrobras), da Funcef (Caixa Econ\u00f4mica Federal) e do Postalis (Correios), est\u00e3o em estado de alerta.<\/p>\n<p>&nbsp;<\/p>\n<p>N\u00e3o bastasse estarem encrencados na Opera\u00e7\u00e3o Greenfield, que investiga preju\u00edzos de pelo menos R$ 8 bilh\u00f5es impostos \u00e0s funda\u00e7\u00f5es, podem se ver de novo \u00e0s voltas com a Pol\u00edcia Federal diante da pris\u00e3o de Antonio Palocci, ex-ministro de Lula e de Dilma Rousseff.<\/p>\n<p>&nbsp;<\/p>\n<p>O &#8220;italiano&#8221;, como era chamado no departamento de propina da Odebrecht, tinha tr\u00e2nsito livre nos fundos de pens\u00e3o. Muitos investimentos feitos pelas funda\u00e7\u00f5es passaram pelo crivo dele.<\/p>\n","protected":false},"excerpt":{"rendered":"<p>Dirigentes e ex-dirigentes de fundos de pens\u00e3o de estatais, sobretudo da Previ (Banco do Brasil), da Petros (Petrobras), da Funcef (Caixa Econ\u00f4mica Federal) e do Postalis (Correios), est\u00e3o em estado de alerta. &nbsp; N\u00e3o bastasse estarem encrencados na Opera\u00e7\u00e3o Greenfield, que investiga preju\u00edzos de pelo menos R$ 8 bilh\u00f5es impostos \u00e0s funda\u00e7\u00f5es, podem se ver [&hellip;]<\/p>\n","protected":false},"author":22,"featured_media":0,"comment_status":"open","ping_status":"closed","sticky":false,"template":"","format":"standard","meta":{"footnotes":""},"categories":[600],"tags":[479,109,178,41,371,259,377,351],"class_list":["post-3278","post","type-post","status-publish","format-standard","hentry","category-economia","tag-antonio-palocci","tag-funcef","tag-fundos-de-pensao","tag-lava-jato","tag-petros","tag-postalis","tag-previ","tag-prisao"],"_links":{"self":[{"href":"https:\/\/blogs.correiobraziliense.com.br\/vicente\/wp-json\/wp\/v2\/posts\/3278","targetHints":{"allow":["GET"]}}],"collection":[{"href":"https:\/\/blogs.correiobraziliense.com.br\/vicente\/wp-json\/wp\/v2\/posts"}],"about":[{"href":"https:\/\/blogs.correiobraziliense.com.br\/vicente\/wp-json\/wp\/v2\/types\/post"}],"author":[{"embeddable":true,"href":"https:\/\/blogs.correiobraziliense.com.br\/vicente\/wp-json\/wp\/v2\/users\/22"}],"replies":[{"embeddable":true,"href":"https:\/\/blogs.correiobraziliense.com.br\/vicente\/wp-json\/wp\/v2\/comments?post=3278"}],"version-history":[{"count":2,"href":"https:\/\/blogs.correiobraziliense.com.br\/vicente\/wp-json\/wp\/v2\/posts\/3278\/revisions"}],"predecessor-version":[{"id":3280,"href":"https:\/\/blogs.correiobraziliense.com.br\/vicente\/wp-json\/wp\/v2\/posts\/3278\/revisions\/3280"}],"wp:attachment":[{"href":"https:\/\/blogs.correiobraziliense.com.br\/vicente\/wp-json\/wp\/v2\/media?parent=3278"}],"wp:term":[{"taxonomy":"category","embeddable":true,"href":"https:\/\/blogs.correiobraziliense.com.br\/vicente\/wp-json\/wp\/v2\/categories?post=3278"},{"taxonomy":"post_tag","embeddable":true,"href":"https:\/\/blogs.correiobraziliense.com.br\/vicente\/wp-json\/wp\/v2\/tags?post=3278"}],"curies":[{"name":"wp","href":"https:\/\/api.w.org\/{rel}","templated":true}]}}