{"id":3260,"date":"2016-09-23T12:52:06","date_gmt":"2016-09-23T15:52:06","guid":{"rendered":"https:\/\/blogs.correiobraziliense.com.br\/vicente\/?p=3260"},"modified":"2016-09-23T13:06:13","modified_gmt":"2016-09-23T16:06:13","slug":"itau-unibanco-reforca-expectativa-de-queda-de-juros-em-outubro-apos-discurso-de-presidente-do-bc","status":"publish","type":"post","link":"https:\/\/blogs.correiobraziliense.com.br\/vicente\/itau-unibanco-reforca-expectativa-de-queda-de-juros-em-outubro-apos-discurso-de-presidente-do-bc\/","title":{"rendered":"Ita\u00fa Unibanco refor\u00e7a expectativa de queda de juros em outubro"},"content":{"rendered":"<p>POR ANTONIO TEM\u00d3TEO<\/p>\n<p>&nbsp;<\/p>\n<p>Ao reduzir ligeiramente a import\u00e2ncia da converg\u00eancia da infla\u00e7\u00e3o j\u00e1 em 2017 e usar as palavras &#8220;prud\u00eancia&#8221; e &#8220;graduais&#8221; quando se refere \u00e0 estrat\u00e9gia de pol\u00edtica monet\u00e1ria, o presidente do Banco Central, Ilan Goldfajn, refor\u00e7a a perspectiva de que a autoridade monet\u00e1ria\u00a0iniciar\u00e1 o ciclo de afrouxamento em outubro, com um corte de 0,25 ponto percentual. Essa \u00e9 a avalia\u00e7\u00e3o do Banco Ita\u00fa Unibanco, encaminhada nesta manh\u00e3 para os clientes.<\/p>\n<p>&nbsp;<\/p>\n<p>Em um discurso na noite passada, Goldfajn reafirmou o compromisso de controlar a infla\u00e7\u00e3o em todo o horizonte relevante para a pol\u00edtica monet\u00e1ria &#8220;, incluindo a converg\u00eancia para meta de 4,5% em 2017&#8221;. O Ita\u00fa aponta que, em comunica\u00e7\u00e3o anterior, a reda\u00e7\u00e3o dizia &#8220;em particular, para 2017&#8221; .O presidente do BC acrescentou que &#8220;o horizonte relevante para a\u00e7\u00f5es de pol\u00edtica monet\u00e1ria, por sua vez, n\u00e3o \u00e9 est\u00e1tica. \u00c9 que se move continuamente com o tempo&#8221;.<\/p>\n<p>&nbsp;<\/p>\n<p>Para o maior banco privado do pa\u00eds, as afirma\u00e7\u00f5es de Goldfajn refor\u00e7am a possibilidade de queda de juros em outubro. O presidente do BC acrescentou que, &#8220;como os meses passam, a\u00e7\u00f5es de pol\u00edtica monet\u00e1ria come\u00e7am a dar mais import\u00e2ncia, de forma gradual, por per\u00edodos \u00e0 frente.&#8221; Tamb\u00e9m destacou que a &#8220;pol\u00edtica monet\u00e1ria ser\u00e1 conduzida com a prud\u00eancia que o momento requer&#8221;.<\/p>\n","protected":false},"excerpt":{"rendered":"<p>POR ANTONIO TEM\u00d3TEO &nbsp; Ao reduzir ligeiramente a import\u00e2ncia da converg\u00eancia da infla\u00e7\u00e3o j\u00e1 em 2017 e usar as palavras &#8220;prud\u00eancia&#8221; e &#8220;graduais&#8221; quando se refere \u00e0 estrat\u00e9gia de pol\u00edtica monet\u00e1ria, o presidente do Banco Central, Ilan Goldfajn, refor\u00e7a a perspectiva de que a autoridade monet\u00e1ria\u00a0iniciar\u00e1 o ciclo de afrouxamento em outubro, com um corte [&hellip;]<\/p>\n","protected":false},"author":22,"featured_media":0,"comment_status":"open","ping_status":"closed","sticky":false,"template":"","format":"standard","meta":{"footnotes":""},"categories":[600],"tags":[1212,4,34],"class_list":["post-3260","post","type-post","status-publish","format-standard","hentry","category-economia","tag-itau-unibanco","tag-juros","tag-selic"],"_links":{"self":[{"href":"https:\/\/blogs.correiobraziliense.com.br\/vicente\/wp-json\/wp\/v2\/posts\/3260","targetHints":{"allow":["GET"]}}],"collection":[{"href":"https:\/\/blogs.correiobraziliense.com.br\/vicente\/wp-json\/wp\/v2\/posts"}],"about":[{"href":"https:\/\/blogs.correiobraziliense.com.br\/vicente\/wp-json\/wp\/v2\/types\/post"}],"author":[{"embeddable":true,"href":"https:\/\/blogs.correiobraziliense.com.br\/vicente\/wp-json\/wp\/v2\/users\/22"}],"replies":[{"embeddable":true,"href":"https:\/\/blogs.correiobraziliense.com.br\/vicente\/wp-json\/wp\/v2\/comments?post=3260"}],"version-history":[{"count":4,"href":"https:\/\/blogs.correiobraziliense.com.br\/vicente\/wp-json\/wp\/v2\/posts\/3260\/revisions"}],"predecessor-version":[{"id":3266,"href":"https:\/\/blogs.correiobraziliense.com.br\/vicente\/wp-json\/wp\/v2\/posts\/3260\/revisions\/3266"}],"wp:attachment":[{"href":"https:\/\/blogs.correiobraziliense.com.br\/vicente\/wp-json\/wp\/v2\/media?parent=3260"}],"wp:term":[{"taxonomy":"category","embeddable":true,"href":"https:\/\/blogs.correiobraziliense.com.br\/vicente\/wp-json\/wp\/v2\/categories?post=3260"},{"taxonomy":"post_tag","embeddable":true,"href":"https:\/\/blogs.correiobraziliense.com.br\/vicente\/wp-json\/wp\/v2\/tags?post=3260"}],"curies":[{"name":"wp","href":"https:\/\/api.w.org\/{rel}","templated":true}]}}