{"id":3247,"date":"2016-09-23T06:30:33","date_gmt":"2016-09-23T09:30:33","guid":{"rendered":"https:\/\/blogs.correiobraziliense.com.br\/vicente\/?p=3247"},"modified":"2016-09-23T06:46:07","modified_gmt":"2016-09-23T09:46:07","slug":"coluna-no-correio-bomba-mantega","status":"publish","type":"post","link":"https:\/\/blogs.correiobraziliense.com.br\/vicente\/coluna-no-correio-bomba-mantega\/","title":{"rendered":"Coluna no Correio: A bomba Mantega"},"content":{"rendered":"<p>Engana-se quem se comoveu com a gritaria de petistas contr\u00e1ria \u00e0 pris\u00e3o de Guido Mantega, ex-ministro da Fazenda de Lula e de Dilma Rousseff, alegando condi\u00e7\u00f5es desumanas ao se cumprir uma decis\u00e3o judicial num hospital, onde ele acompanhava a mulher em uma cirurgia. Na verdade, o movimento sentimental, muito bem constru\u00eddo pelo PT, tenta abafar o conte\u00fado explosivo que pode vir de uma poss\u00edvel dela\u00e7\u00e3o do mais longevo chefe da equipe econ\u00f4mica.<\/p>\n<p>&nbsp;<\/p>\n<p>Esse medo se justifica. Se Mantega abrir a boca, o risco de Dilma, que foi apeada do poder, ser engolfada de vez pelas den\u00fancias de corrup\u00e7\u00e3o na Petrobras ser\u00e1 enorme. Nenhum ministro foi t\u00e3o pr\u00f3ximo da petista quanto ele. O argumento de Dilma contra o impeachment sempre foi o de que nunca se provou nada de errado em rela\u00e7\u00e3o a ela e que a interrup\u00e7\u00e3o de seu mandato foi um golpe. Com Mantega revelando como operava a pol\u00edtica econ\u00f4mica, tal discurso cair\u00e1 por terra.<\/p>\n<p>&nbsp;<\/p>\n<p>Sempre se acusou Mantega de destruir a economia, ao estra\u00e7alhar as contas p\u00fablicas e empurrar o pa\u00eds para a mais grave recess\u00e3o da hist\u00f3ria. Agora, descobriu-se, com as investiga\u00e7\u00f5es do Minist\u00e9rio P\u00fablico e da Pol\u00edcia Federal, que o ex-ministro era um grande operador do caixa do PT. Assim como ele teria pedido R$ 5 milh\u00f5es ao empres\u00e1rio Eike Batista para quitar d\u00edvidas de campanha, n\u00e3o se pode descartar a requisi\u00e7\u00e3o de outros favores com base em decis\u00f5es tomadas pela Fazenda.<\/p>\n<p>&nbsp;<\/p>\n<p>Desde que substituiu Antonio Palocci no comando da economia, em 2006, ainda no governo Lula, Mantega passou a tocar uma pol\u00edtica de subs\u00eddios para setores espec\u00edficos. Ou seja, abriu m\u00e3o de impostos sob o argumento de que o pa\u00eds precisava estimular o consumo. Ao mesmo tempo, comandou a pol\u00edtica de camp\u00f5es nacionais, por meio da qual o Banco Nacional de Desenvolvimento Econ\u00f4mico e Social (BNDES) financiava grupos eleitos pelo Pal\u00e1cio do Planalto.<\/p>\n<p>&nbsp;<\/p>\n<p>N\u00e3o se pode dizer que todas as medidas beneficiando empres\u00e1rios tinham como contrapartida obter vantagens para o PT. Mas o modelo adotado por Mantega sempre foi suspeito, sobretudo pela falta de transpar\u00eancia e pela insist\u00eancia, j\u00e1 que os programas n\u00e3o proporcionaram ganhos \u00e0 economia. Na verdade, houve uma grande transfer\u00eancia de renda para o empresariado, que resultou em um salto espetacular da d\u00edvida p\u00fablica, que beira hoje os 70% do Produto Interno Bruto (PIB).<\/p>\n<p>&nbsp;<\/p>\n<p><b>Opera\u00e7\u00e3o Zelotes<\/b><\/p>\n<p>&nbsp;<\/p>\n<p>As suspeitas contra Mantega n\u00e3o se restringem \u00e0 corrup\u00e7\u00e3o que devastou a Petrobras. As den\u00fancias feitas pelo empres\u00e1rio Eike Batista, dono da OSX, se somam aos ind\u00edcios de que o ex-ministro atuou para favorecer amigos e empres\u00e1rios por meio de medidas provis\u00f3rias. As poss\u00edveis irregularidades foram levantadas pela Opera\u00e7\u00e3o Zelotes, que desbaratou um esquema para tentar derrubar, no Conselho Administrativo de Recursos Fiscais (Carf), puni\u00e7\u00f5es bilion\u00e1rias impostas pela Receita Federal. Nas investiga\u00e7\u00f5es, foram encontrados sinais firmes de que Mantega teria atuado em favor de um empres\u00e1rio para o qual vendeu im\u00f3veis em S\u00e3o Paulo. O ex-ministro negou qualquer desvio da lei.<\/p>\n<p>&nbsp;<\/p>\n<p>\u201cO poder de Mantega nos governos petistas foi enorme. Tudo passou pelo crivo dele\u201d, diz um ex-ministro de Lula. Na Petrobras, ele substituiu Dilma na presid\u00eancia do Conselho de Administra\u00e7\u00e3o. Foi dele a decis\u00e3o de obrigar a estatal a segurar os pre\u00e7os dos combust\u00edveis para evitar o estouro do teto da infla\u00e7\u00e3o, de 6,5%, a fim de favorecer a elei\u00e7\u00e3o e a reelei\u00e7\u00e3o de Dilma. Essa pol\u00edtica custou mais de R$ 60 bilh\u00f5es aos cofres da empresa. Mantega comandou ainda o uso dos bancos p\u00fablicos para promover um superendividamento das fam\u00edlias e para fazer as pedaladas fiscais que deram base ao processo de impeachment da petista.<\/p>\n<p>&nbsp;<\/p>\n<p>Al\u00e9m de Eike, que tinha tr\u00e2nsito livre em seu gabinete e o denunciou, o ex-ministro se aproximou muito do banqueiro Andr\u00e9 Esteves, dono do BTG Pactual. Em meio \u00e0 crise mundial de 2008 e 2009, Mantega operou o socorro da Caixa Econ\u00f4mica Federal ao Banco Panamericano \u2014 hoje, Pan, controlado por Esteves, que foi preso no \u00e2mbito da Opera\u00e7\u00e3o Lava-Jato, acusado de tentar atrapalhar as investiga\u00e7\u00f5es. Essa opera\u00e7\u00e3o, por sinal, est\u00e1 no radar da Pol\u00edcia Federal, pois o banqueiro soube, como poucos, tirar proveito do projeto de poder tocado pelo PT.<\/p>\n<p>&nbsp;<\/p>\n<p><b>\u00c0 flor da pele<\/b><\/p>\n<p>&nbsp;<\/p>\n<p>Por meio de pessoas pr\u00f3ximas, Mantega nega qualquer irregularidade e acusa Eike de falsificador. Faz parte do jogo. Mas essas mesmas pessoas reconhecem que o ex-ministro est\u00e1 encrencado. O fato de o juiz S\u00e9rgio Moro t\u00ea-lo liberado da pris\u00e3o, devido \u00e0 doen\u00e7a da mulher, n\u00e3o significa que ele se livrou das garras da Justi\u00e7a. Muito pelo contr\u00e1rio. As provas colhidas contra Mantega s\u00e3o contundentes. O dinheiro repassado por Eike ao PT para quitar d\u00edvidas da campanha de Dilma de 2010 com os marqueteiros Jo\u00e3o Santana e M\u00f4nica Moura foi todo rastreado.<\/p>\n<p>&nbsp;<\/p>\n<p>\u201cMantega tem muito o que falar. N\u00e3o acreditamos que ele o far\u00e1, n\u00e3o agora, pois faz parte do grupo que prefere pagar caro para proteger o PT\u201d, afirma um amigo de longa data do ex-ministro. Para Mantega, a quest\u00e3o partid\u00e1ria sempre esteve acima de tudo, at\u00e9 mesmo da fam\u00edlia. \u201cMas isso pode mudar. Com a exposi\u00e7\u00e3o \u00e0 qual est\u00e1 sendo submetido, o filho adolescente abordado pela pol\u00edcia e a mulher com a sa\u00fade delicad\u00edssima, Mantega est\u00e1 no limite. Segurar o emocional dele ser\u00e1 uma tarefa muito dif\u00edcil para o PT\u201d, alerta.<\/p>\n<p>&nbsp;<\/p>\n<p><i>Bras\u00edlia, 06h30<\/i><\/p>\n","protected":false},"excerpt":{"rendered":"<p>Engana-se quem se comoveu com a gritaria de petistas contr\u00e1ria \u00e0 pris\u00e3o de Guido Mantega, ex-ministro da Fazenda de Lula e de Dilma Rousseff, alegando condi\u00e7\u00f5es desumanas ao se cumprir uma decis\u00e3o judicial num hospital, onde ele acompanhava a mulher em uma cirurgia. Na verdade, o movimento sentimental, muito bem constru\u00eddo pelo PT, tenta abafar [&hellip;]<\/p>\n","protected":false},"author":22,"featured_media":0,"comment_status":"open","ping_status":"closed","sticky":false,"template":"","format":"standard","meta":{"footnotes":""},"categories":[600],"tags":[479,89,255,11,1271,1270,23,19,228,126,351,422],"class_list":["post-3247","post","type-post","status-publish","format-standard","hentry","category-economia","tag-antonio-palocci","tag-bndes","tag-corrupcao","tag-dilma-rousseff","tag-eike-batista","tag-guido-mantega","tag-lula","tag-ministerio-da-fazenda","tag-petrobras","tag-policia-federal","tag-prisao","tag-pt"],"_links":{"self":[{"href":"https:\/\/blogs.correiobraziliense.com.br\/vicente\/wp-json\/wp\/v2\/posts\/3247","targetHints":{"allow":["GET"]}}],"collection":[{"href":"https:\/\/blogs.correiobraziliense.com.br\/vicente\/wp-json\/wp\/v2\/posts"}],"about":[{"href":"https:\/\/blogs.correiobraziliense.com.br\/vicente\/wp-json\/wp\/v2\/types\/post"}],"author":[{"embeddable":true,"href":"https:\/\/blogs.correiobraziliense.com.br\/vicente\/wp-json\/wp\/v2\/users\/22"}],"replies":[{"embeddable":true,"href":"https:\/\/blogs.correiobraziliense.com.br\/vicente\/wp-json\/wp\/v2\/comments?post=3247"}],"version-history":[{"count":1,"href":"https:\/\/blogs.correiobraziliense.com.br\/vicente\/wp-json\/wp\/v2\/posts\/3247\/revisions"}],"predecessor-version":[{"id":3248,"href":"https:\/\/blogs.correiobraziliense.com.br\/vicente\/wp-json\/wp\/v2\/posts\/3247\/revisions\/3248"}],"wp:attachment":[{"href":"https:\/\/blogs.correiobraziliense.com.br\/vicente\/wp-json\/wp\/v2\/media?parent=3247"}],"wp:term":[{"taxonomy":"category","embeddable":true,"href":"https:\/\/blogs.correiobraziliense.com.br\/vicente\/wp-json\/wp\/v2\/categories?post=3247"},{"taxonomy":"post_tag","embeddable":true,"href":"https:\/\/blogs.correiobraziliense.com.br\/vicente\/wp-json\/wp\/v2\/tags?post=3247"}],"curies":[{"name":"wp","href":"https:\/\/api.w.org\/{rel}","templated":true}]}}