{"id":3245,"date":"2016-09-22T18:30:51","date_gmt":"2016-09-22T21:30:51","guid":{"rendered":"https:\/\/blogs.correiobraziliense.com.br\/vicente\/?p=3245"},"modified":"2016-09-22T18:31:19","modified_gmt":"2016-09-22T21:31:19","slug":"governo-espera-que-o-rombo-da-previdencia-chegue-r-1487-bilhoes-em-2016","status":"publish","type":"post","link":"https:\/\/blogs.correiobraziliense.com.br\/vicente\/governo-espera-que-o-rombo-da-previdencia-chegue-r-1487-bilhoes-em-2016\/","title":{"rendered":"Governo espera que o rombo da Previd\u00eancia chegue a R$ 148,7 bilh\u00f5es em 2016"},"content":{"rendered":"<p>POR ANTONIO TEM\u00d3TEO<\/p>\n<p>&nbsp;<\/p>\n<p>O\u00a0Relat\u00f3rio de Avalia\u00e7\u00e3o de Receitas e Despesas Prim\u00e1rias do 4\u00b0 Bimestre, publicado pelo Minist\u00e9rio do Planejamento, apontou que o d\u00e9ficit da Previd\u00eancia Social chegue a\u00a0R$ 148,7 bilh\u00f5es \u00a0em 2016. O rombo projetado \u00e9 R$ 449,3 milh\u00f5es do que a estimava anterior do Executivo.<\/p>\n<p>&nbsp;<\/p>\n<p>Conforme a publica\u00e7\u00e3o,\u00a0a previs\u00e3o de arrecada\u00e7\u00e3o l\u00edquida do Regime Geral de Previd\u00eancia Social (RGPS) aumentou\u00a0R$ 486,8 milh\u00f5es em rela\u00e7\u00e3o \u00e0 avalia\u00e7\u00e3o anterior. Isso ocorreu com base na inclus\u00e3o de dados realizados at\u00e9 agosto de 2016 e na atualiza\u00e7\u00e3o de par\u00e2metros macroecon\u00f4micos.<\/p>\n<p>&nbsp;<\/p>\n<p>Pelas contas do Executivo, a retra\u00e7\u00e3o do Produto Interno Bruto (PIB) ser\u00e1 menor. Passou de queda de 3,1% para 3,0%.<\/p>\n<p>&nbsp;<\/p>\n<p>&nbsp;<\/p>\n","protected":false},"excerpt":{"rendered":"<p>POR ANTONIO TEM\u00d3TEO &nbsp; O\u00a0Relat\u00f3rio de Avalia\u00e7\u00e3o de Receitas e Despesas Prim\u00e1rias do 4\u00b0 Bimestre, publicado pelo Minist\u00e9rio do Planejamento, apontou que o d\u00e9ficit da Previd\u00eancia Social chegue a\u00a0R$ 148,7 bilh\u00f5es \u00a0em 2016. O rombo projetado \u00e9 R$ 449,3 milh\u00f5es do que a estimava anterior do Executivo. &nbsp; Conforme a publica\u00e7\u00e3o,\u00a0a previs\u00e3o de arrecada\u00e7\u00e3o l\u00edquida [&hellip;]<\/p>\n","protected":false},"author":22,"featured_media":0,"comment_status":"open","ping_status":"closed","sticky":false,"template":"","format":"standard","meta":{"footnotes":""},"categories":[600],"tags":[76,1279],"class_list":["post-3245","post","type-post","status-publish","format-standard","hentry","category-economia","tag-deficit","tag-rgps"],"_links":{"self":[{"href":"https:\/\/blogs.correiobraziliense.com.br\/vicente\/wp-json\/wp\/v2\/posts\/3245","targetHints":{"allow":["GET"]}}],"collection":[{"href":"https:\/\/blogs.correiobraziliense.com.br\/vicente\/wp-json\/wp\/v2\/posts"}],"about":[{"href":"https:\/\/blogs.correiobraziliense.com.br\/vicente\/wp-json\/wp\/v2\/types\/post"}],"author":[{"embeddable":true,"href":"https:\/\/blogs.correiobraziliense.com.br\/vicente\/wp-json\/wp\/v2\/users\/22"}],"replies":[{"embeddable":true,"href":"https:\/\/blogs.correiobraziliense.com.br\/vicente\/wp-json\/wp\/v2\/comments?post=3245"}],"version-history":[{"count":1,"href":"https:\/\/blogs.correiobraziliense.com.br\/vicente\/wp-json\/wp\/v2\/posts\/3245\/revisions"}],"predecessor-version":[{"id":3246,"href":"https:\/\/blogs.correiobraziliense.com.br\/vicente\/wp-json\/wp\/v2\/posts\/3245\/revisions\/3246"}],"wp:attachment":[{"href":"https:\/\/blogs.correiobraziliense.com.br\/vicente\/wp-json\/wp\/v2\/media?parent=3245"}],"wp:term":[{"taxonomy":"category","embeddable":true,"href":"https:\/\/blogs.correiobraziliense.com.br\/vicente\/wp-json\/wp\/v2\/categories?post=3245"},{"taxonomy":"post_tag","embeddable":true,"href":"https:\/\/blogs.correiobraziliense.com.br\/vicente\/wp-json\/wp\/v2\/tags?post=3245"}],"curies":[{"name":"wp","href":"https:\/\/api.w.org\/{rel}","templated":true}]}}