{"id":3243,"date":"2016-09-22T12:56:00","date_gmt":"2016-09-22T15:56:00","guid":{"rendered":"https:\/\/blogs.correiobraziliense.com.br\/vicente\/?p=3243"},"modified":"2016-09-22T15:30:16","modified_gmt":"2016-09-22T18:30:16","slug":"guido-mantega-vira-ameaca-real-para-o-pt","status":"publish","type":"post","link":"https:\/\/blogs.correiobraziliense.com.br\/vicente\/guido-mantega-vira-ameaca-real-para-o-pt\/","title":{"rendered":"Guido Mantega vira amea\u00e7a real para o PT"},"content":{"rendered":"<p>Amigos de Guido Mantega, preso pela Pol\u00edcia Federal e solto quatro horas depois pela Justi\u00e7a, n\u00e3o escondem a preocupa\u00e7\u00e3o com o que ele pode revelar em seus depoimentos ou mesmo em uma poss\u00edvel dela\u00e7\u00e3o premiada.<\/p>\n<p>&nbsp;<\/p>\n<p>Mantega, relata um ex-integrante dos governos Lula e Dilma Rousseff, sabe demais. E poucos foram t\u00e3o pr\u00f3ximos da ex-presidente quanto ele. Os cora\u00e7\u00f5es est\u00e3o batendo a mil<\/p>\n","protected":false},"excerpt":{"rendered":"<p>Amigos de Guido Mantega, preso pela Pol\u00edcia Federal e solto quatro horas depois pela Justi\u00e7a, n\u00e3o escondem a preocupa\u00e7\u00e3o com o que ele pode revelar em seus depoimentos ou mesmo em uma poss\u00edvel dela\u00e7\u00e3o premiada. &nbsp; Mantega, relata um ex-integrante dos governos Lula e Dilma Rousseff, sabe demais. E poucos foram t\u00e3o pr\u00f3ximos da ex-presidente [&hellip;]<\/p>\n","protected":false},"author":22,"featured_media":0,"comment_status":"open","ping_status":"closed","sticky":false,"template":"","format":"standard","meta":{"footnotes":""},"categories":[600],"tags":[255,1276,1277,11,1270,41,126],"class_list":["post-3243","post","type-post","status-publish","format-standard","hentry","category-economia","tag-corrupcao","tag-delacao-premiada","tag-depoimentos","tag-dilma-rousseff","tag-guido-mantega","tag-lava-jato","tag-policia-federal"],"_links":{"self":[{"href":"https:\/\/blogs.correiobraziliense.com.br\/vicente\/wp-json\/wp\/v2\/posts\/3243","targetHints":{"allow":["GET"]}}],"collection":[{"href":"https:\/\/blogs.correiobraziliense.com.br\/vicente\/wp-json\/wp\/v2\/posts"}],"about":[{"href":"https:\/\/blogs.correiobraziliense.com.br\/vicente\/wp-json\/wp\/v2\/types\/post"}],"author":[{"embeddable":true,"href":"https:\/\/blogs.correiobraziliense.com.br\/vicente\/wp-json\/wp\/v2\/users\/22"}],"replies":[{"embeddable":true,"href":"https:\/\/blogs.correiobraziliense.com.br\/vicente\/wp-json\/wp\/v2\/comments?post=3243"}],"version-history":[{"count":1,"href":"https:\/\/blogs.correiobraziliense.com.br\/vicente\/wp-json\/wp\/v2\/posts\/3243\/revisions"}],"predecessor-version":[{"id":3244,"href":"https:\/\/blogs.correiobraziliense.com.br\/vicente\/wp-json\/wp\/v2\/posts\/3243\/revisions\/3244"}],"wp:attachment":[{"href":"https:\/\/blogs.correiobraziliense.com.br\/vicente\/wp-json\/wp\/v2\/media?parent=3243"}],"wp:term":[{"taxonomy":"category","embeddable":true,"href":"https:\/\/blogs.correiobraziliense.com.br\/vicente\/wp-json\/wp\/v2\/categories?post=3243"},{"taxonomy":"post_tag","embeddable":true,"href":"https:\/\/blogs.correiobraziliense.com.br\/vicente\/wp-json\/wp\/v2\/tags?post=3243"}],"curies":[{"name":"wp","href":"https:\/\/api.w.org\/{rel}","templated":true}]}}