{"id":3239,"date":"2016-09-22T10:07:14","date_gmt":"2016-09-22T13:07:14","guid":{"rendered":"https:\/\/blogs.correiobraziliense.com.br\/vicente\/?p=3239"},"modified":"2016-09-22T11:17:17","modified_gmt":"2016-09-22T14:17:17","slug":"mesmo-fora-do-governo-mantega-nomeou-bendine-para-presidencia-da-petrobras","status":"publish","type":"post","link":"https:\/\/blogs.correiobraziliense.com.br\/vicente\/mesmo-fora-do-governo-mantega-nomeou-bendine-para-presidencia-da-petrobras\/","title":{"rendered":"Mesmo fora do governo, Mantega nomeou Bendine para a presid\u00eancia da Petrobras"},"content":{"rendered":"<p>O fato de ser substitu\u00eddo por Joaquim Levy no Minist\u00e9rio da Fazenda no segundo Mandato de Dilma Rousseff n\u00e3o tirou o poder de Guido Mantega sobre a Petrobras. Mesmo fora do governo, ele conseguiu emplacar Aldemir Bendine para a presid\u00eancia da estatal, em substitui\u00e7\u00e3o \u00e0 Gra\u00e7a Foster.<\/p>\n<p>&nbsp;<\/p>\n<p>Bendine sempre foi muito pr\u00f3ximo de Mantega. Era uma esp\u00e9cie de seu operador informal. Quando precisou usar o Banco do Brasil para as estripulias do governo, Mantega nomeou Bendine para a presid\u00eancia da institui\u00e7\u00e3o, uma das pe\u00e7as centrais das pedaladas fiscais.<\/p>\n<p>&nbsp;<\/p>\n<p>Mesmo com todas as den\u00fancias de que Bendine teria usado o BB para favorecer a socialite Val Marchiori, Mantega o manteve no cargo. Havia muita gratid\u00e3o do ex-ministro com o subordinado. Bendine foi transferido do BB para a Petrobras e s\u00f3 saiu de l\u00e1 por causa do afastamento de Dilma.<\/p>\n","protected":false},"excerpt":{"rendered":"<p>O fato de ser substitu\u00eddo por Joaquim Levy no Minist\u00e9rio da Fazenda no segundo Mandato de Dilma Rousseff n\u00e3o tirou o poder de Guido Mantega sobre a Petrobras. Mesmo fora do governo, ele conseguiu emplacar Aldemir Bendine para a presid\u00eancia da estatal, em substitui\u00e7\u00e3o \u00e0 Gra\u00e7a Foster. &nbsp; Bendine sempre foi muito pr\u00f3ximo de Mantega. [&hellip;]<\/p>\n","protected":false},"author":22,"featured_media":0,"comment_status":"open","ping_status":"closed","sticky":false,"template":"","format":"standard","meta":{"footnotes":""},"categories":[600],"tags":[1274,229,255,11,1271,1275,1270,15,41,228],"class_list":["post-3239","post","type-post","status-publish","format-standard","hentry","category-economia","tag-aldemir-bendine","tag-banco-do-brasil","tag-corrupcao","tag-dilma-rousseff","tag-eike-batista","tag-graca-foster","tag-guido-mantega","tag-joaquim-levy","tag-lava-jato","tag-petrobras"],"_links":{"self":[{"href":"https:\/\/blogs.correiobraziliense.com.br\/vicente\/wp-json\/wp\/v2\/posts\/3239","targetHints":{"allow":["GET"]}}],"collection":[{"href":"https:\/\/blogs.correiobraziliense.com.br\/vicente\/wp-json\/wp\/v2\/posts"}],"about":[{"href":"https:\/\/blogs.correiobraziliense.com.br\/vicente\/wp-json\/wp\/v2\/types\/post"}],"author":[{"embeddable":true,"href":"https:\/\/blogs.correiobraziliense.com.br\/vicente\/wp-json\/wp\/v2\/users\/22"}],"replies":[{"embeddable":true,"href":"https:\/\/blogs.correiobraziliense.com.br\/vicente\/wp-json\/wp\/v2\/comments?post=3239"}],"version-history":[{"count":1,"href":"https:\/\/blogs.correiobraziliense.com.br\/vicente\/wp-json\/wp\/v2\/posts\/3239\/revisions"}],"predecessor-version":[{"id":3240,"href":"https:\/\/blogs.correiobraziliense.com.br\/vicente\/wp-json\/wp\/v2\/posts\/3239\/revisions\/3240"}],"wp:attachment":[{"href":"https:\/\/blogs.correiobraziliense.com.br\/vicente\/wp-json\/wp\/v2\/media?parent=3239"}],"wp:term":[{"taxonomy":"category","embeddable":true,"href":"https:\/\/blogs.correiobraziliense.com.br\/vicente\/wp-json\/wp\/v2\/categories?post=3239"},{"taxonomy":"post_tag","embeddable":true,"href":"https:\/\/blogs.correiobraziliense.com.br\/vicente\/wp-json\/wp\/v2\/tags?post=3239"}],"curies":[{"name":"wp","href":"https:\/\/api.w.org\/{rel}","templated":true}]}}