{"id":3233,"date":"2016-09-22T09:29:49","date_gmt":"2016-09-22T12:29:49","guid":{"rendered":"https:\/\/blogs.correiobraziliense.com.br\/vicente\/?p=3233"},"modified":"2016-09-22T10:37:16","modified_gmt":"2016-09-22T13:37:16","slug":"mantega-comandou-petrobras-com-mao-de-ferro","status":"publish","type":"post","link":"https:\/\/blogs.correiobraziliense.com.br\/vicente\/mantega-comandou-petrobras-com-mao-de-ferro\/","title":{"rendered":"Mantega comandou Petrobras com m\u00e3o de ferro"},"content":{"rendered":"<p>Desde que assumiu a presid\u00eancia do Conselho de Administra\u00e7\u00e3o da Petrobras, Guido Mantega, ex-ministro da Fazenda de Lula e de Dilma Rousseff, comandou a estatal com m\u00e3o de ferro. Foi consultado sobre todos os projetos tocados pela empresa. Nada foi executado\u00a0sem a sua anu\u00eancia.<\/p>\n<p>&nbsp;<\/p>\n<p>Al\u00e9m do plano de neg\u00f3cios da Petrobras, usado para sustentar uma rede de corrup\u00e7\u00e3o sem precedentes, Guido Mantega obrigou a estatal a executar uma pol\u00edtica suicida de pre\u00e7os. Os valores da gasolina e do diesel foram segurados por um longo per\u00edodo, para evitar o estouro da meta de infla\u00e7\u00e3o. Isso acarretou preju\u00edzos superiores a R$ 60 bilh\u00f5es \u00e0 estatal.<\/p>\n<p>&nbsp;<\/p>\n<p>Mantega, preso hoje no \u00e2mbito da Opera\u00e7\u00e3o Lava-Jato, fez prevalecer, no Conselho de Administra\u00e7\u00e3o da Petrobras, tudo o que o Pal\u00e1cio do Planalto determinava.<\/p>\n","protected":false},"excerpt":{"rendered":"<p>Desde que assumiu a presid\u00eancia do Conselho de Administra\u00e7\u00e3o da Petrobras, Guido Mantega, ex-ministro da Fazenda de Lula e de Dilma Rousseff, comandou a estatal com m\u00e3o de ferro. Foi consultado sobre todos os projetos tocados pela empresa. Nada foi executado\u00a0sem a sua anu\u00eancia. &nbsp; Al\u00e9m do plano de neg\u00f3cios da Petrobras, usado para sustentar [&hellip;]<\/p>\n","protected":false},"author":22,"featured_media":0,"comment_status":"open","ping_status":"closed","sticky":false,"template":"","format":"standard","meta":{"footnotes":""},"categories":[600],"tags":[11,1271,1270,41,23,228,351],"class_list":["post-3233","post","type-post","status-publish","format-standard","hentry","category-economia","tag-dilma-rousseff","tag-eike-batista","tag-guido-mantega","tag-lava-jato","tag-lula","tag-petrobras","tag-prisao"],"_links":{"self":[{"href":"https:\/\/blogs.correiobraziliense.com.br\/vicente\/wp-json\/wp\/v2\/posts\/3233","targetHints":{"allow":["GET"]}}],"collection":[{"href":"https:\/\/blogs.correiobraziliense.com.br\/vicente\/wp-json\/wp\/v2\/posts"}],"about":[{"href":"https:\/\/blogs.correiobraziliense.com.br\/vicente\/wp-json\/wp\/v2\/types\/post"}],"author":[{"embeddable":true,"href":"https:\/\/blogs.correiobraziliense.com.br\/vicente\/wp-json\/wp\/v2\/users\/22"}],"replies":[{"embeddable":true,"href":"https:\/\/blogs.correiobraziliense.com.br\/vicente\/wp-json\/wp\/v2\/comments?post=3233"}],"version-history":[{"count":1,"href":"https:\/\/blogs.correiobraziliense.com.br\/vicente\/wp-json\/wp\/v2\/posts\/3233\/revisions"}],"predecessor-version":[{"id":3234,"href":"https:\/\/blogs.correiobraziliense.com.br\/vicente\/wp-json\/wp\/v2\/posts\/3233\/revisions\/3234"}],"wp:attachment":[{"href":"https:\/\/blogs.correiobraziliense.com.br\/vicente\/wp-json\/wp\/v2\/media?parent=3233"}],"wp:term":[{"taxonomy":"category","embeddable":true,"href":"https:\/\/blogs.correiobraziliense.com.br\/vicente\/wp-json\/wp\/v2\/categories?post=3233"},{"taxonomy":"post_tag","embeddable":true,"href":"https:\/\/blogs.correiobraziliense.com.br\/vicente\/wp-json\/wp\/v2\/tags?post=3233"}],"curies":[{"name":"wp","href":"https:\/\/api.w.org\/{rel}","templated":true}]}}