{"id":3228,"date":"2016-09-22T08:01:01","date_gmt":"2016-09-22T11:01:01","guid":{"rendered":"https:\/\/blogs.correiobraziliense.com.br\/vicente\/?p=3228"},"modified":"2016-09-22T11:00:28","modified_gmt":"2016-09-22T14:00:28","slug":"eike-batista-entregou-mantega","status":"publish","type":"post","link":"https:\/\/blogs.correiobraziliense.com.br\/vicente\/eike-batista-entregou-mantega\/","title":{"rendered":"Eike Batista entregou Mantega"},"content":{"rendered":"<p>N\u00e3o \u00e9 por acaso que a nova fase da Opera\u00e7\u00e3o Lava-Jato foi denominada Arquivo X. O esquema de corrup\u00e7\u00e3o na constru\u00e7\u00e3o de plataformas pela Petrobras foi delatado pelo empres\u00e1rio Eike Batista, dono e ex-presidente do Conselho de Administra\u00e7\u00e3o da OSX.<\/p>\n<p>&nbsp;<\/p>\n<p>Em depoimento ao Minist\u00e9rio P\u00fablico Federal, Eike disse que, em novembro de 2012, recebeu pedido para que pagasse R$ 5 milh\u00f5es ao PT, que precisava quitar d\u00edvidas da campanha de 2010. O pedido foi feito por um ent\u00e3o ministro do governo de Dilma Rousseff que presidia o Conselho de Administra\u00e7\u00e3o da Petrobras. No caso, Guido Mantega.<\/p>\n<p>&nbsp;<\/p>\n<p>Segundo Eike, o pagamento ao PT ocorreu em abril de 2013 e foi feito por meio dos publicit\u00e1rios Jo\u00e3o Santana e M\u00f4nica Moura, que assinaram contratos fict\u00edcios de presta\u00e7\u00e3o de servi\u00e7os \u00e0 OSX. O dinheiro, exatos US$ 2,35 milh\u00f5es \u00e0 \u00e9poca, veio do exterior.<\/p>\n<p>&nbsp;<\/p>\n<p>Foram necess\u00e1rias duas opera\u00e7\u00f5es para que Eike efetuasse o pagamento. Em dezembro de 2012, a empresa dele no exterior Goldenrock, controlada pela Centenium, remeteu os US$ 2,35 milh\u00f5es \u00e0 Polis, de Jo\u00e3o Santana. O dinheiro, por\u00e9m, voltou por problemas de documenta\u00e7\u00e3o. Em abril de 2013, os recursos foram finalmente transferidos para a offshore Shellbill.<\/p>\n<p>&nbsp;<\/p>\n<p>&nbsp;<\/p>\n","protected":false},"excerpt":{"rendered":"<p>N\u00e3o \u00e9 por acaso que a nova fase da Opera\u00e7\u00e3o Lava-Jato foi denominada Arquivo X. O esquema de corrup\u00e7\u00e3o na constru\u00e7\u00e3o de plataformas pela Petrobras foi delatado pelo empres\u00e1rio Eike Batista, dono e ex-presidente do Conselho de Administra\u00e7\u00e3o da OSX. &nbsp; Em depoimento ao Minist\u00e9rio P\u00fablico Federal, Eike disse que, em novembro de 2012, recebeu [&hellip;]<\/p>\n","protected":false},"author":22,"featured_media":0,"comment_status":"open","ping_status":"closed","sticky":false,"template":"","format":"standard","meta":{"footnotes":""},"categories":[600],"tags":[1273,255,1272,1271,1270,41],"class_list":["post-3228","post","type-post","status-publish","format-standard","hentry","category-economia","tag-arquivo-x","tag-corrupcao","tag-delacao","tag-eike-batista","tag-guido-mantega","tag-lava-jato"],"_links":{"self":[{"href":"https:\/\/blogs.correiobraziliense.com.br\/vicente\/wp-json\/wp\/v2\/posts\/3228","targetHints":{"allow":["GET"]}}],"collection":[{"href":"https:\/\/blogs.correiobraziliense.com.br\/vicente\/wp-json\/wp\/v2\/posts"}],"about":[{"href":"https:\/\/blogs.correiobraziliense.com.br\/vicente\/wp-json\/wp\/v2\/types\/post"}],"author":[{"embeddable":true,"href":"https:\/\/blogs.correiobraziliense.com.br\/vicente\/wp-json\/wp\/v2\/users\/22"}],"replies":[{"embeddable":true,"href":"https:\/\/blogs.correiobraziliense.com.br\/vicente\/wp-json\/wp\/v2\/comments?post=3228"}],"version-history":[{"count":6,"href":"https:\/\/blogs.correiobraziliense.com.br\/vicente\/wp-json\/wp\/v2\/posts\/3228\/revisions"}],"predecessor-version":[{"id":3238,"href":"https:\/\/blogs.correiobraziliense.com.br\/vicente\/wp-json\/wp\/v2\/posts\/3228\/revisions\/3238"}],"wp:attachment":[{"href":"https:\/\/blogs.correiobraziliense.com.br\/vicente\/wp-json\/wp\/v2\/media?parent=3228"}],"wp:term":[{"taxonomy":"category","embeddable":true,"href":"https:\/\/blogs.correiobraziliense.com.br\/vicente\/wp-json\/wp\/v2\/categories?post=3228"},{"taxonomy":"post_tag","embeddable":true,"href":"https:\/\/blogs.correiobraziliense.com.br\/vicente\/wp-json\/wp\/v2\/tags?post=3228"}],"curies":[{"name":"wp","href":"https:\/\/api.w.org\/{rel}","templated":true}]}}