{"id":3226,"date":"2016-09-22T07:45:52","date_gmt":"2016-09-22T10:45:52","guid":{"rendered":"https:\/\/blogs.correiobraziliense.com.br\/vicente\/?p=3226"},"modified":"2016-09-22T08:20:01","modified_gmt":"2016-09-22T11:20:01","slug":"dos-homens-fortes-do-governo-lula-so-palocci-continua-solto","status":"publish","type":"post","link":"https:\/\/blogs.correiobraziliense.com.br\/vicente\/dos-homens-fortes-do-governo-lula-so-palocci-continua-solto\/","title":{"rendered":"Dos homens fortes do governo Lula, s\u00f3 Palocci continua solto"},"content":{"rendered":"<p>A Opera\u00e7\u00e3o Lava-Jato levou para a pris\u00e3o hoje mais um dos homens fortes do governo Lula: Guido Mantega, que se manteve no comando da economia na administra\u00e7\u00e3o Dilma Rousseff.<\/p>\n<p>&nbsp;<\/p>\n<p>Mantega sabe muita coisa do esquema de corrup\u00e7\u00e3o que saqueou a Petrobras. Foi ele quem sucedeu Dilma na presid\u00eancia do Conselho de Administra\u00e7\u00e3o da estatal. Boa parte da roubalheira na empresa ocorreu durante a gest\u00e3o do ex-ministro da Fazenda.<\/p>\n<p>&nbsp;<\/p>\n<p>Dos homens fortes de Lula, somente Ant\u00f4nio Palocci continua solto.<\/p>\n","protected":false},"excerpt":{"rendered":"<p>A Opera\u00e7\u00e3o Lava-Jato levou para a pris\u00e3o hoje mais um dos homens fortes do governo Lula: Guido Mantega, que se manteve no comando da economia na administra\u00e7\u00e3o Dilma Rousseff. &nbsp; Mantega sabe muita coisa do esquema de corrup\u00e7\u00e3o que saqueou a Petrobras. Foi ele quem sucedeu Dilma na presid\u00eancia do Conselho de Administra\u00e7\u00e3o da estatal. [&hellip;]<\/p>\n","protected":false},"author":22,"featured_media":0,"comment_status":"open","ping_status":"closed","sticky":false,"template":"","format":"standard","meta":{"footnotes":""},"categories":[600],"tags":[479,255,11,1270,41,23,228,351],"class_list":["post-3226","post","type-post","status-publish","format-standard","hentry","category-economia","tag-antonio-palocci","tag-corrupcao","tag-dilma-rousseff","tag-guido-mantega","tag-lava-jato","tag-lula","tag-petrobras","tag-prisao"],"_links":{"self":[{"href":"https:\/\/blogs.correiobraziliense.com.br\/vicente\/wp-json\/wp\/v2\/posts\/3226","targetHints":{"allow":["GET"]}}],"collection":[{"href":"https:\/\/blogs.correiobraziliense.com.br\/vicente\/wp-json\/wp\/v2\/posts"}],"about":[{"href":"https:\/\/blogs.correiobraziliense.com.br\/vicente\/wp-json\/wp\/v2\/types\/post"}],"author":[{"embeddable":true,"href":"https:\/\/blogs.correiobraziliense.com.br\/vicente\/wp-json\/wp\/v2\/users\/22"}],"replies":[{"embeddable":true,"href":"https:\/\/blogs.correiobraziliense.com.br\/vicente\/wp-json\/wp\/v2\/comments?post=3226"}],"version-history":[{"count":1,"href":"https:\/\/blogs.correiobraziliense.com.br\/vicente\/wp-json\/wp\/v2\/posts\/3226\/revisions"}],"predecessor-version":[{"id":3227,"href":"https:\/\/blogs.correiobraziliense.com.br\/vicente\/wp-json\/wp\/v2\/posts\/3226\/revisions\/3227"}],"wp:attachment":[{"href":"https:\/\/blogs.correiobraziliense.com.br\/vicente\/wp-json\/wp\/v2\/media?parent=3226"}],"wp:term":[{"taxonomy":"category","embeddable":true,"href":"https:\/\/blogs.correiobraziliense.com.br\/vicente\/wp-json\/wp\/v2\/categories?post=3226"},{"taxonomy":"post_tag","embeddable":true,"href":"https:\/\/blogs.correiobraziliense.com.br\/vicente\/wp-json\/wp\/v2\/tags?post=3226"}],"curies":[{"name":"wp","href":"https:\/\/api.w.org\/{rel}","templated":true}]}}