{"id":3224,"date":"2016-09-21T10:12:09","date_gmt":"2016-09-21T13:12:09","guid":{"rendered":"https:\/\/blogs.correiobraziliense.com.br\/vicente\/?p=3224"},"modified":"2016-09-21T23:18:29","modified_gmt":"2016-09-22T02:18:29","slug":"cerco-esta-se-fechando","status":"publish","type":"post","link":"https:\/\/blogs.correiobraziliense.com.br\/vicente\/cerco-esta-se-fechando\/","title":{"rendered":"Cerco est\u00e1 se fechando"},"content":{"rendered":"<p>Jorge Rachid, secret\u00e1rio da Receita Federal, diz que o espa\u00e7o para guardar dinheiro ilegal no mundo est\u00e1 se estreitando. A disposi\u00e7\u00e3o de maior parte dos pa\u00edses hoje \u00e9 se de livrar de recursos provenientes da corrup\u00e7\u00e3o e do crime organizado.<\/p>\n<p>&nbsp;<\/p>\n<p><b>Gritaria contra gigantes<\/b><\/p>\n<p>&nbsp;<\/p>\n<p>Roberto Haddad, da empresa de auditoria KPMG, aconselha os brasileiros a seguirem o exemplo de cidad\u00e3os de pa\u00edses europeus, que t\u00eam protestado contra gigantes como a Apple por recorrerem a para\u00edsos fiscais, entre eles, a Irlanda, para n\u00e3o pagarem impostos.<\/p>\n","protected":false},"excerpt":{"rendered":"<p>Jorge Rachid, secret\u00e1rio da Receita Federal, diz que o espa\u00e7o para guardar dinheiro ilegal no mundo est\u00e1 se estreitando. A disposi\u00e7\u00e3o de maior parte dos pa\u00edses hoje \u00e9 se de livrar de recursos provenientes da corrup\u00e7\u00e3o e do crime organizado. &nbsp; Gritaria contra gigantes &nbsp; Roberto Haddad, da empresa de auditoria KPMG, aconselha os brasileiros [&hellip;]<\/p>\n","protected":false},"author":22,"featured_media":0,"comment_status":"open","ping_status":"closed","sticky":false,"template":"","format":"standard","meta":{"footnotes":""},"categories":[600],"tags":[648,8,1268,1269],"class_list":["post-3224","post","type-post","status-publish","format-standard","hentry","category-economia","tag-jorge-rachid","tag-receita-federal","tag-repatriacao","tag-roberto-haddad"],"_links":{"self":[{"href":"https:\/\/blogs.correiobraziliense.com.br\/vicente\/wp-json\/wp\/v2\/posts\/3224","targetHints":{"allow":["GET"]}}],"collection":[{"href":"https:\/\/blogs.correiobraziliense.com.br\/vicente\/wp-json\/wp\/v2\/posts"}],"about":[{"href":"https:\/\/blogs.correiobraziliense.com.br\/vicente\/wp-json\/wp\/v2\/types\/post"}],"author":[{"embeddable":true,"href":"https:\/\/blogs.correiobraziliense.com.br\/vicente\/wp-json\/wp\/v2\/users\/22"}],"replies":[{"embeddable":true,"href":"https:\/\/blogs.correiobraziliense.com.br\/vicente\/wp-json\/wp\/v2\/comments?post=3224"}],"version-history":[{"count":1,"href":"https:\/\/blogs.correiobraziliense.com.br\/vicente\/wp-json\/wp\/v2\/posts\/3224\/revisions"}],"predecessor-version":[{"id":3225,"href":"https:\/\/blogs.correiobraziliense.com.br\/vicente\/wp-json\/wp\/v2\/posts\/3224\/revisions\/3225"}],"wp:attachment":[{"href":"https:\/\/blogs.correiobraziliense.com.br\/vicente\/wp-json\/wp\/v2\/media?parent=3224"}],"wp:term":[{"taxonomy":"category","embeddable":true,"href":"https:\/\/blogs.correiobraziliense.com.br\/vicente\/wp-json\/wp\/v2\/categories?post=3224"},{"taxonomy":"post_tag","embeddable":true,"href":"https:\/\/blogs.correiobraziliense.com.br\/vicente\/wp-json\/wp\/v2\/tags?post=3224"}],"curies":[{"name":"wp","href":"https:\/\/api.w.org\/{rel}","templated":true}]}}