{"id":3217,"date":"2016-09-21T10:30:37","date_gmt":"2016-09-21T13:30:37","guid":{"rendered":"https:\/\/blogs.correiobraziliense.com.br\/vicente\/?p=3217"},"modified":"2016-09-21T13:13:01","modified_gmt":"2016-09-21T16:13:01","slug":"para-bc-reducao-do-preco-da-gasolina-facilitara-controle-da-inflacao","status":"publish","type":"post","link":"https:\/\/blogs.correiobraziliense.com.br\/vicente\/para-bc-reducao-do-preco-da-gasolina-facilitara-controle-da-inflacao\/","title":{"rendered":"Para BC, redu\u00e7\u00e3o do pre\u00e7o da gasolina facilitar\u00e1 controle da infla\u00e7\u00e3o"},"content":{"rendered":"<p>T\u00e9cnicos do Banco Central afirmam que a poss\u00edvel redu\u00e7\u00e3o dos pre\u00e7os da gasolina at\u00e9 o fim deste ano ser\u00e1 important\u00edssima para levar a infla\u00e7\u00e3o mais rapidamente para o centro da meta, de 4,5%, ao longo de 2017. O combust\u00edvel tem peso importante no c\u00e1lculo do \u00cdndice de Pre\u00e7os ao Consumidor Amplo (IPCA) devido a seu efeito multiplicador. Isso vale para o bem e para o mal.<\/p>\n<p>&nbsp;<\/p>\n<p>O presidente do BC, Ilan Goldfajn, diz que a meta de levar o IPCA para 4,5% at\u00e9 o fim de 2017 \u00e9 ambiciosa, mas, segundo auxiliares dele, se a Petrobras realmente reduzir os pre\u00e7os da gasolina, a infla\u00e7\u00e3o j\u00e1 come\u00e7ar\u00e1 o pr\u00f3ximo ano abaixo do projetado hoje em dia. Com isso, as expectativas dos agentes de mercado em rela\u00e7\u00e3o \u00e0 carestia tendem a se acomodar no centro da meta. E as portas para o BC cortar a taxa b\u00e1sica de juros (Selic) se abrir\u00e3o de vez.<\/p>\n<p>&nbsp;<\/p>\n<p>A decis\u00e3o da Petrobras \u00e9 equiparar os pre\u00e7os da gasolina aos praticados no mercado internacional, que ca\u00edram muito devido \u00e0 forte desvaloriza\u00e7\u00e3o do petr\u00f3leo. Em v\u00e1rias regi\u00f5es do pa\u00eds, como no Distrito Federal, o combust\u00edvel ficou mais barato por causa de fatores locais. Na capital do pa\u00eds, houve interven\u00e7\u00e3o do Minist\u00e9rio P\u00fablico e do Conselho Administrativo de Defesa da Concorr\u00eancia (Cade) na maior rede local. Havia um cartel que combinava pre\u00e7os, lesando os consumidores.<\/p>\n","protected":false},"excerpt":{"rendered":"<p>T\u00e9cnicos do Banco Central afirmam que a poss\u00edvel redu\u00e7\u00e3o dos pre\u00e7os da gasolina at\u00e9 o fim deste ano ser\u00e1 important\u00edssima para levar a infla\u00e7\u00e3o mais rapidamente para o centro da meta, de 4,5%, ao longo de 2017. O combust\u00edvel tem peso importante no c\u00e1lculo do \u00cdndice de Pre\u00e7os ao Consumidor Amplo (IPCA) devido a seu [&hellip;]<\/p>\n","protected":false},"author":22,"featured_media":0,"comment_status":"open","ping_status":"closed","sticky":false,"template":"","format":"standard","meta":{"footnotes":""},"categories":[600],"tags":[3,1267,268,107,14,1266],"class_list":["post-3217","post","type-post","status-publish","format-standard","hentry","category-economia","tag-banco-central","tag-combustivel","tag-gasolina","tag-ilan-goldfajn","tag-inflacao","tag-reducao-de-precos"],"_links":{"self":[{"href":"https:\/\/blogs.correiobraziliense.com.br\/vicente\/wp-json\/wp\/v2\/posts\/3217","targetHints":{"allow":["GET"]}}],"collection":[{"href":"https:\/\/blogs.correiobraziliense.com.br\/vicente\/wp-json\/wp\/v2\/posts"}],"about":[{"href":"https:\/\/blogs.correiobraziliense.com.br\/vicente\/wp-json\/wp\/v2\/types\/post"}],"author":[{"embeddable":true,"href":"https:\/\/blogs.correiobraziliense.com.br\/vicente\/wp-json\/wp\/v2\/users\/22"}],"replies":[{"embeddable":true,"href":"https:\/\/blogs.correiobraziliense.com.br\/vicente\/wp-json\/wp\/v2\/comments?post=3217"}],"version-history":[{"count":3,"href":"https:\/\/blogs.correiobraziliense.com.br\/vicente\/wp-json\/wp\/v2\/posts\/3217\/revisions"}],"predecessor-version":[{"id":3220,"href":"https:\/\/blogs.correiobraziliense.com.br\/vicente\/wp-json\/wp\/v2\/posts\/3217\/revisions\/3220"}],"wp:attachment":[{"href":"https:\/\/blogs.correiobraziliense.com.br\/vicente\/wp-json\/wp\/v2\/media?parent=3217"}],"wp:term":[{"taxonomy":"category","embeddable":true,"href":"https:\/\/blogs.correiobraziliense.com.br\/vicente\/wp-json\/wp\/v2\/categories?post=3217"},{"taxonomy":"post_tag","embeddable":true,"href":"https:\/\/blogs.correiobraziliense.com.br\/vicente\/wp-json\/wp\/v2\/tags?post=3217"}],"curies":[{"name":"wp","href":"https:\/\/api.w.org\/{rel}","templated":true}]}}