{"id":3211,"date":"2016-09-19T22:37:43","date_gmt":"2016-09-20T01:37:43","guid":{"rendered":"https:\/\/blogs.correiobraziliense.com.br\/vicente\/?p=3211"},"modified":"2016-09-19T23:53:04","modified_gmt":"2016-09-20T02:53:04","slug":"arno-augustin-que-destruiu-as-contas-publicas-lidera-doacao-petista","status":"publish","type":"post","link":"https:\/\/blogs.correiobraziliense.com.br\/vicente\/arno-augustin-que-destruiu-as-contas-publicas-lidera-doacao-petista\/","title":{"rendered":"Arno Augustin, que destruiu as contas p\u00fablicas, lidera doa\u00e7\u00e3o a petista"},"content":{"rendered":"<p>Um dos principais respons\u00e1veis pela destrui\u00e7\u00e3o das contas p\u00fablicas do pa\u00eds e criador das pedaladas fiscais que derrubaram Dilma Rousseff, o ex-secret\u00e1rio do Tesouro Nacional Arno Augustin est\u00e1 fora dos holofotes, mas continua fortemente ligado ao PT.<\/p>\n<p>&nbsp;<\/p>\n<p>Tanto que abriu o bolso e j\u00e1 aparece como o maior doador pessoa f\u00edsica \u00e0 campanha de Raul Pont \u00e0 prefeitura de Porto Alegre. Segundo o Tribunal Superior Eleitoral (TSE), destinou R$ 25 mil ao petista.<\/p>\n<p>&nbsp;<\/p>\n<p>Se Pont vencer a disputa, Augustin \u00e9 forte candidato a assumir a Secretaria de Fazenda da capital ga\u00facha. Assim como comandou o naufr\u00e1gio fiscal do pa\u00eds, pode enterrar de vez a encrencada prefeitura de Porto Alegre.<\/p>\n","protected":false},"excerpt":{"rendered":"<p>Um dos principais respons\u00e1veis pela destrui\u00e7\u00e3o das contas p\u00fablicas do pa\u00eds e criador das pedaladas fiscais que derrubaram Dilma Rousseff, o ex-secret\u00e1rio do Tesouro Nacional Arno Augustin est\u00e1 fora dos holofotes, mas continua fortemente ligado ao PT. &nbsp; Tanto que abriu o bolso e j\u00e1 aparece como o maior doador pessoa f\u00edsica \u00e0 campanha de [&hellip;]<\/p>\n","protected":false},"author":22,"featured_media":0,"comment_status":"open","ping_status":"closed","sticky":false,"template":"","format":"standard","meta":{"footnotes":""},"categories":[600],"tags":[1252,1257,11,1256,1258,1254,1255,1253],"class_list":["post-3211","post","type-post","status-publish","format-standard","hentry","category-economia","tag-arno-augustin","tag-campanha","tag-dilma-rousseff","tag-doacao","tag-pedalada-fiscal","tag-prefeitura-de-porto-alegre","tag-r-25-mo","tag-raul-pont"],"_links":{"self":[{"href":"https:\/\/blogs.correiobraziliense.com.br\/vicente\/wp-json\/wp\/v2\/posts\/3211","targetHints":{"allow":["GET"]}}],"collection":[{"href":"https:\/\/blogs.correiobraziliense.com.br\/vicente\/wp-json\/wp\/v2\/posts"}],"about":[{"href":"https:\/\/blogs.correiobraziliense.com.br\/vicente\/wp-json\/wp\/v2\/types\/post"}],"author":[{"embeddable":true,"href":"https:\/\/blogs.correiobraziliense.com.br\/vicente\/wp-json\/wp\/v2\/users\/22"}],"replies":[{"embeddable":true,"href":"https:\/\/blogs.correiobraziliense.com.br\/vicente\/wp-json\/wp\/v2\/comments?post=3211"}],"version-history":[{"count":1,"href":"https:\/\/blogs.correiobraziliense.com.br\/vicente\/wp-json\/wp\/v2\/posts\/3211\/revisions"}],"predecessor-version":[{"id":3212,"href":"https:\/\/blogs.correiobraziliense.com.br\/vicente\/wp-json\/wp\/v2\/posts\/3211\/revisions\/3212"}],"wp:attachment":[{"href":"https:\/\/blogs.correiobraziliense.com.br\/vicente\/wp-json\/wp\/v2\/media?parent=3211"}],"wp:term":[{"taxonomy":"category","embeddable":true,"href":"https:\/\/blogs.correiobraziliense.com.br\/vicente\/wp-json\/wp\/v2\/categories?post=3211"},{"taxonomy":"post_tag","embeddable":true,"href":"https:\/\/blogs.correiobraziliense.com.br\/vicente\/wp-json\/wp\/v2\/tags?post=3211"}],"curies":[{"name":"wp","href":"https:\/\/api.w.org\/{rel}","templated":true}]}}