{"id":3198,"date":"2016-09-19T16:08:32","date_gmt":"2016-09-19T19:08:32","guid":{"rendered":"https:\/\/blogs.correiobraziliense.com.br\/vicente\/?p=3198"},"modified":"2016-09-19T18:03:05","modified_gmt":"2016-09-19T21:03:05","slug":"justica-homologa-acordo-entre-bradesco-e-mpf-na-operacao-greenfield","status":"publish","type":"post","link":"https:\/\/blogs.correiobraziliense.com.br\/vicente\/justica-homologa-acordo-entre-bradesco-e-mpf-na-operacao-greenfield\/","title":{"rendered":"Justi\u00e7a homologa acordo entre Bradesco e MPF na Opera\u00e7\u00e3o Greenfield"},"content":{"rendered":"<p>POR ANTONIO TEM\u00d3TEO<\/p>\n<p>&nbsp;<\/p>\n<p>A Justi\u00e7a Federal no Distrito Federal homologou um acordo entre a\u00a0BEM \u2013 Distribuidora de T\u00edtulos e valores Mobili\u00e1rios (BEM DTVM)\u00a0e o Minist\u00e9rio P\u00fablico Federal (MPF) na Opera\u00e7\u00e3o Greenfield.<\/p>\n<p>&nbsp;<\/p>\n<p>A BEM \u00e9 uma empresa do grupo Bradesco e\u00a0por meio da qual o Bradesco Cust\u00f3dia oferece o servi\u00e7o de Administra\u00e7\u00e3o Fiduci\u00e1ria de Fundos de Investimento.<\/p>\n<p>&nbsp;<\/p>\n<p>A BEM DTVM\u00a0era gestora do FIP Enseada que recebeu R$ 34 milh\u00f5es da Funcef, fundo de pens\u00e3o dos empregados da Caixa Econ\u00f4mica Federal, e da Petros, funda\u00e7\u00e3o dos empregados da Petrobras.<\/p>\n<p>&nbsp;<\/p>\n<p>Com os preju\u00edzos acumulados pelo FIP Enseada, o Bradesco se comprometeu a apresentar carta fian\u00e7a, at\u00e9 21 de outubro de 2016, de R$ 104 milh\u00f5es, que se referem a valores atualizados da primeira aplica\u00e7\u00e3o das duas entidades fechadas de previd\u00eancia complementar.<\/p>\n<p>&nbsp;<\/p>\n<p>Os executivos da BEM Denise Pauli Paravina e Andr\u00e9 Bernardino da Cruz s\u00e3o citados no acordo, mas n\u00e3o haviam sido impedidos de trabalhar, como no caso de executivos do grupo J &amp; F. Apesar disso, pelo acordo, os dois precisam de apresentar ao MPF, a Pol\u00edcia Federal e a Jusit\u00e7a sempre que forem chamados, mesmo que informalmente.<\/p>\n<p>&nbsp;<\/p>\n<p>Caso isso n\u00e3o ocorra, o acordo perder\u00e1 validade.\u00a0Procuradora, a BEM informou que n\u00e3o se manifesta sobre assuntos em an\u00e1lise da Justi\u00e7a.<\/p>\n","protected":false},"excerpt":{"rendered":"<p>POR ANTONIO TEM\u00d3TEO &nbsp; A Justi\u00e7a Federal no Distrito Federal homologou um acordo entre a\u00a0BEM \u2013 Distribuidora de T\u00edtulos e valores Mobili\u00e1rios (BEM DTVM)\u00a0e o Minist\u00e9rio P\u00fablico Federal (MPF) na Opera\u00e7\u00e3o Greenfield. &nbsp; A BEM \u00e9 uma empresa do grupo Bradesco e\u00a0por meio da qual o Bradesco Cust\u00f3dia oferece o servi\u00e7o de Administra\u00e7\u00e3o Fiduci\u00e1ria de [&hellip;]<\/p>\n","protected":false},"author":22,"featured_media":0,"comment_status":"open","ping_status":"closed","sticky":false,"template":"","format":"standard","meta":{"footnotes":""},"categories":[600],"tags":[],"class_list":["post-3198","post","type-post","status-publish","format-standard","hentry","category-economia"],"_links":{"self":[{"href":"https:\/\/blogs.correiobraziliense.com.br\/vicente\/wp-json\/wp\/v2\/posts\/3198","targetHints":{"allow":["GET"]}}],"collection":[{"href":"https:\/\/blogs.correiobraziliense.com.br\/vicente\/wp-json\/wp\/v2\/posts"}],"about":[{"href":"https:\/\/blogs.correiobraziliense.com.br\/vicente\/wp-json\/wp\/v2\/types\/post"}],"author":[{"embeddable":true,"href":"https:\/\/blogs.correiobraziliense.com.br\/vicente\/wp-json\/wp\/v2\/users\/22"}],"replies":[{"embeddable":true,"href":"https:\/\/blogs.correiobraziliense.com.br\/vicente\/wp-json\/wp\/v2\/comments?post=3198"}],"version-history":[{"count":8,"href":"https:\/\/blogs.correiobraziliense.com.br\/vicente\/wp-json\/wp\/v2\/posts\/3198\/revisions"}],"predecessor-version":[{"id":3210,"href":"https:\/\/blogs.correiobraziliense.com.br\/vicente\/wp-json\/wp\/v2\/posts\/3198\/revisions\/3210"}],"wp:attachment":[{"href":"https:\/\/blogs.correiobraziliense.com.br\/vicente\/wp-json\/wp\/v2\/media?parent=3198"}],"wp:term":[{"taxonomy":"category","embeddable":true,"href":"https:\/\/blogs.correiobraziliense.com.br\/vicente\/wp-json\/wp\/v2\/categories?post=3198"},{"taxonomy":"post_tag","embeddable":true,"href":"https:\/\/blogs.correiobraziliense.com.br\/vicente\/wp-json\/wp\/v2\/tags?post=3198"}],"curies":[{"name":"wp","href":"https:\/\/api.w.org\/{rel}","templated":true}]}}