{"id":3195,"date":"2016-09-17T20:31:54","date_gmt":"2016-09-17T23:31:54","guid":{"rendered":"https:\/\/blogs.correiobraziliense.com.br\/vicente\/?p=3195"},"modified":"2016-09-17T21:56:18","modified_gmt":"2016-09-18T00:56:18","slug":"greve-abre-guerra-entre-servidores-do-itamaraty","status":"publish","type":"post","link":"https:\/\/blogs.correiobraziliense.com.br\/vicente\/greve-abre-guerra-entre-servidores-do-itamaraty\/","title":{"rendered":"Greve abre guerra entre servidores do Itamaraty"},"content":{"rendered":"<p>A paralisa\u00e7\u00e3o dos servidores do Itamaraty, que est\u00e1 entrando na quinta semana, abriu uma guerra dentro do \u00f3rg\u00e3o. V\u00e1rios funcion\u00e1rios que aderiram ao movimento est\u00e3o sendo afastados de suas fun\u00e7\u00f5es, sobretudo nas representa\u00e7\u00f5es no exterior.<\/p>\n<p>&nbsp;<\/p>\n<p>Fun\u00e7\u00f5es estrat\u00e9gicas, como as respons\u00e1veis pela gest\u00e3o do or\u00e7amento e do caixa dos \u00f3rg\u00e3os, est\u00e3o, em alguns casos, sendo repassadas a terceirizados sem qualquer garantia de seguran\u00e7a. Os principais atingidos s\u00e3o os oficiais e os assistentes de chancelaria, j\u00e1 que h\u00e1 uma prote\u00e7\u00e3o entre os diplomatas.<\/p>\n<p>&nbsp;<\/p>\n<p>O Consulado do\u00a0 Brasil em Atlanta, nos Estados Unidos, foi um dos primeiros a destituir os grevistas de suas fun\u00e7\u00f5es. A chefia do \u00f3rg\u00e3o alega que est\u00e1 protegida por instru\u00e7\u00f5es normativas do Tribunal de Contas da Uni\u00e3o (TCU) editadas em 2010.<\/p>\n<p>&nbsp;<\/p>\n<p>A pol\u00eamica aumentou depois que o c\u00f4nsul-geral do Brasil na Cidade do\u00a0 Cabo, Carlos Alberto Asfora, divulgou uma nota nas redes sociais dizendo que a greve na representa\u00e7\u00e3o se restringe \u00e0 oficial de chancelaria Mariana Ximenez. Ela havia dito que o \u00f3rg\u00e3o est\u00e1 com sua atua\u00e7\u00e3o prejudicada.<\/p>\n<p>&nbsp;<\/p>\n<p>Asfora, que \u00e9 ministro de segunda classe, chama, usando a linguagem da diplomacia, Mariana de mentirosa. As palavras deles botaram mais lenha na fogueira e mostram que uma solu\u00e7\u00e3o para a greve est\u00e1 longe do fim. Os servidores do Itamaraty querem, al\u00e9m de reajuste nos sal\u00e1rios, a reestrutura\u00e7\u00e3o das carreiras, o que o governo se recusa a aceitar.<\/p>\n<p>&nbsp;<\/p>\n<p><em>Bras\u00edlia, 20h31min<\/em><\/p>\n","protected":false},"excerpt":{"rendered":"<p>A paralisa\u00e7\u00e3o dos servidores do Itamaraty, que est\u00e1 entrando na quinta semana, abriu uma guerra dentro do \u00f3rg\u00e3o. V\u00e1rios funcion\u00e1rios que aderiram ao movimento est\u00e3o sendo afastados de suas fun\u00e7\u00f5es, sobretudo nas representa\u00e7\u00f5es no exterior. &nbsp; Fun\u00e7\u00f5es estrat\u00e9gicas, como as respons\u00e1veis pela gest\u00e3o do or\u00e7amento e do caixa dos \u00f3rg\u00e3os, est\u00e3o, em alguns casos, sendo [&hellip;]<\/p>\n","protected":false},"author":22,"featured_media":0,"comment_status":"open","ping_status":"closed","sticky":false,"template":"","format":"standard","meta":{"footnotes":""},"categories":[600],"tags":[1251,1248,1247,1055,347,676,329,1249,1250,1246],"class_list":["post-3195","post","type-post","status-publish","format-standard","hentry","category-economia","tag-auxiliares-de-chancelaria","tag-carlos-alberto-asfora","tag-diplomacia","tag-diplomatas","tag-greve","tag-guerra","tag-itamaraty","tag-mariana-ximenez","tag-oficiais-de-chancelaria","tag-substituicao-de-funcionarios"],"_links":{"self":[{"href":"https:\/\/blogs.correiobraziliense.com.br\/vicente\/wp-json\/wp\/v2\/posts\/3195","targetHints":{"allow":["GET"]}}],"collection":[{"href":"https:\/\/blogs.correiobraziliense.com.br\/vicente\/wp-json\/wp\/v2\/posts"}],"about":[{"href":"https:\/\/blogs.correiobraziliense.com.br\/vicente\/wp-json\/wp\/v2\/types\/post"}],"author":[{"embeddable":true,"href":"https:\/\/blogs.correiobraziliense.com.br\/vicente\/wp-json\/wp\/v2\/users\/22"}],"replies":[{"embeddable":true,"href":"https:\/\/blogs.correiobraziliense.com.br\/vicente\/wp-json\/wp\/v2\/comments?post=3195"}],"version-history":[{"count":1,"href":"https:\/\/blogs.correiobraziliense.com.br\/vicente\/wp-json\/wp\/v2\/posts\/3195\/revisions"}],"predecessor-version":[{"id":3196,"href":"https:\/\/blogs.correiobraziliense.com.br\/vicente\/wp-json\/wp\/v2\/posts\/3195\/revisions\/3196"}],"wp:attachment":[{"href":"https:\/\/blogs.correiobraziliense.com.br\/vicente\/wp-json\/wp\/v2\/media?parent=3195"}],"wp:term":[{"taxonomy":"category","embeddable":true,"href":"https:\/\/blogs.correiobraziliense.com.br\/vicente\/wp-json\/wp\/v2\/categories?post=3195"},{"taxonomy":"post_tag","embeddable":true,"href":"https:\/\/blogs.correiobraziliense.com.br\/vicente\/wp-json\/wp\/v2\/tags?post=3195"}],"curies":[{"name":"wp","href":"https:\/\/api.w.org\/{rel}","templated":true}]}}