{"id":3177,"date":"2016-09-14T15:01:58","date_gmt":"2016-09-14T18:01:58","guid":{"rendered":"https:\/\/blogs.correiobraziliense.com.br\/vicente\/?p=3177"},"modified":"2016-09-14T18:43:05","modified_gmt":"2016-09-14T21:43:05","slug":"lewandowski-ainda-acredita-que-aumento-de-ministros-do-stf-saira","status":"publish","type":"post","link":"https:\/\/blogs.correiobraziliense.com.br\/vicente\/lewandowski-ainda-acredita-que-aumento-de-ministros-do-stf-saira\/","title":{"rendered":"Lewandowski ainda acredita que aumento de ministros do STF sair\u00e1"},"content":{"rendered":"<p>Apesar das declara\u00e7\u00f5es veementes do presidente Michel Temer\u00a0 e do ministro da Fazenda, Henrique Meirelles, contra o reajuste dos sal\u00e1rios do ministros do Supremo Tribunal Federal (STF), Ricardo Lewandowski, ex-presidente da Corte, continua se movimentando para que o aumento seja ratificado pelo Senado. Falta apenas a aprova\u00e7\u00e3o da Comiss\u00e3o de Assuntos Econ\u00f4micos (CAE) e do plen\u00e1rio. A corre\u00e7\u00e3o das remunera\u00e7\u00f5es, de 16%, se aprovada, custar\u00e1 R$ 5 bilh\u00f5es at\u00e9 2019 \u00e0 Uni\u00e3o.<\/p>\n<p>&nbsp;<\/p>\n<p>Para n\u00e3o alimentar o debate contr\u00e1rio ao aumento salarial, publicamente, Lewandowski tem procurado a discri\u00e7\u00e3o. Quando questionado sobre o tema, ele diz que o Congresso \u00e9 &#8220;soberano&#8221; para aprovar ou n\u00e3o o reajuste aos ministros do Supremo. &#8220;O parlamento \u00e9 soberano para decidir sobre isso. N\u00f3s temos a iniciativa legislativa do Supremo, n\u00e3o do presidente, em que calculamos quanto n\u00f3s perdemos (para a infla\u00e7\u00e3o). Depois, o Executivo diz o que pode pagar&#8221;, afirma.<\/p>\n<p>&nbsp;<\/p>\n<p>O governo esperava que, durante a posse na presid\u00eancia do Supremo, a ministra C\u00e1rmen L\u00facia se posicionasse oficialmente contra o aumento de sal\u00e1rios. Mas n\u00e3o o fez, ainda que, nos bastidores, tenha detonado as negocia\u00e7\u00f5es feitas por Lewandowski. Parte da base aliada do governo, liderada pelo PSDB, \u00e9 contra a corre\u00e7\u00e3o dos subs\u00eddios do Supremo.<\/p>\n<p>&nbsp;<\/p>\n<p><em>Bras\u00edlia, 15h01min<\/em><\/p>\n","protected":false},"excerpt":{"rendered":"<p>Apesar das declara\u00e7\u00f5es veementes do presidente Michel Temer\u00a0 e do ministro da Fazenda, Henrique Meirelles, contra o reajuste dos sal\u00e1rios do ministros do Supremo Tribunal Federal (STF), Ricardo Lewandowski, ex-presidente da Corte, continua se movimentando para que o aumento seja ratificado pelo Senado. Falta apenas a aprova\u00e7\u00e3o da Comiss\u00e3o de Assuntos Econ\u00f4micos (CAE) e do [&hellip;]<\/p>\n","protected":false},"author":22,"featured_media":0,"comment_status":"open","ping_status":"closed","sticky":false,"template":"","format":"standard","meta":{"footnotes":""},"categories":[600],"tags":[1230,264,1231,122,39],"class_list":["post-3177","post","type-post","status-publish","format-standard","hentry","category-economia","tag-carmen-lucia","tag-reajuste","tag-ricardo-lewandowski","tag-salarios","tag-supremo-tribunal-federal"],"_links":{"self":[{"href":"https:\/\/blogs.correiobraziliense.com.br\/vicente\/wp-json\/wp\/v2\/posts\/3177","targetHints":{"allow":["GET"]}}],"collection":[{"href":"https:\/\/blogs.correiobraziliense.com.br\/vicente\/wp-json\/wp\/v2\/posts"}],"about":[{"href":"https:\/\/blogs.correiobraziliense.com.br\/vicente\/wp-json\/wp\/v2\/types\/post"}],"author":[{"embeddable":true,"href":"https:\/\/blogs.correiobraziliense.com.br\/vicente\/wp-json\/wp\/v2\/users\/22"}],"replies":[{"embeddable":true,"href":"https:\/\/blogs.correiobraziliense.com.br\/vicente\/wp-json\/wp\/v2\/comments?post=3177"}],"version-history":[{"count":3,"href":"https:\/\/blogs.correiobraziliense.com.br\/vicente\/wp-json\/wp\/v2\/posts\/3177\/revisions"}],"predecessor-version":[{"id":3180,"href":"https:\/\/blogs.correiobraziliense.com.br\/vicente\/wp-json\/wp\/v2\/posts\/3177\/revisions\/3180"}],"wp:attachment":[{"href":"https:\/\/blogs.correiobraziliense.com.br\/vicente\/wp-json\/wp\/v2\/media?parent=3177"}],"wp:term":[{"taxonomy":"category","embeddable":true,"href":"https:\/\/blogs.correiobraziliense.com.br\/vicente\/wp-json\/wp\/v2\/categories?post=3177"},{"taxonomy":"post_tag","embeddable":true,"href":"https:\/\/blogs.correiobraziliense.com.br\/vicente\/wp-json\/wp\/v2\/tags?post=3177"}],"curies":[{"name":"wp","href":"https:\/\/api.w.org\/{rel}","templated":true}]}}