{"id":3173,"date":"2016-09-13T13:30:28","date_gmt":"2016-09-13T16:30:28","guid":{"rendered":"https:\/\/blogs.correiobraziliense.com.br\/vicente\/?p=3173"},"modified":"2016-09-13T13:47:17","modified_gmt":"2016-09-13T16:47:17","slug":"o-globo-passa-ser-dono-de-100-das-acoes-do-valor-economico","status":"publish","type":"post","link":"https:\/\/blogs.correiobraziliense.com.br\/vicente\/o-globo-passa-ser-dono-de-100-das-acoes-do-valor-economico\/","title":{"rendered":"O Globo passa a ser dono de 100% das a\u00e7\u00f5es do Valor Econ\u00f4mico"},"content":{"rendered":"<p><span><span>A Folha de S. Paulo vendeu, integralmente, os 50% de participa\u00e7\u00e3o que detinha no jornal Valor Econ\u00f4mico para O Globo, que passa a deter 100% do ve\u00edculo.<\/span><\/span><\/p>\n<p>&nbsp;<\/p>\n<p>O valor do neg\u00f3cio ainda n\u00e3o foi divulgado. A opera\u00e7\u00e3o precisa passar por avalia\u00e7\u00e3o do Conselho Administrativo de Defesa da Concorr\u00eancia (Cade).<\/p>\n","protected":false},"excerpt":{"rendered":"<p>A Folha de S. Paulo vendeu, integralmente, os 50% de participa\u00e7\u00e3o que detinha no jornal Valor Econ\u00f4mico para O Globo, que passa a deter 100% do ve\u00edculo. &nbsp; O valor do neg\u00f3cio ainda n\u00e3o foi divulgado. A opera\u00e7\u00e3o precisa passar por avalia\u00e7\u00e3o do Conselho Administrativo de Defesa da Concorr\u00eancia (Cade).<\/p>\n","protected":false},"author":22,"featured_media":0,"comment_status":"open","ping_status":"closed","sticky":false,"template":"","format":"standard","meta":{"footnotes":""},"categories":[600],"tags":[],"class_list":["post-3173","post","type-post","status-publish","format-standard","hentry","category-economia"],"_links":{"self":[{"href":"https:\/\/blogs.correiobraziliense.com.br\/vicente\/wp-json\/wp\/v2\/posts\/3173","targetHints":{"allow":["GET"]}}],"collection":[{"href":"https:\/\/blogs.correiobraziliense.com.br\/vicente\/wp-json\/wp\/v2\/posts"}],"about":[{"href":"https:\/\/blogs.correiobraziliense.com.br\/vicente\/wp-json\/wp\/v2\/types\/post"}],"author":[{"embeddable":true,"href":"https:\/\/blogs.correiobraziliense.com.br\/vicente\/wp-json\/wp\/v2\/users\/22"}],"replies":[{"embeddable":true,"href":"https:\/\/blogs.correiobraziliense.com.br\/vicente\/wp-json\/wp\/v2\/comments?post=3173"}],"version-history":[{"count":1,"href":"https:\/\/blogs.correiobraziliense.com.br\/vicente\/wp-json\/wp\/v2\/posts\/3173\/revisions"}],"predecessor-version":[{"id":3174,"href":"https:\/\/blogs.correiobraziliense.com.br\/vicente\/wp-json\/wp\/v2\/posts\/3173\/revisions\/3174"}],"wp:attachment":[{"href":"https:\/\/blogs.correiobraziliense.com.br\/vicente\/wp-json\/wp\/v2\/media?parent=3173"}],"wp:term":[{"taxonomy":"category","embeddable":true,"href":"https:\/\/blogs.correiobraziliense.com.br\/vicente\/wp-json\/wp\/v2\/categories?post=3173"},{"taxonomy":"post_tag","embeddable":true,"href":"https:\/\/blogs.correiobraziliense.com.br\/vicente\/wp-json\/wp\/v2\/tags?post=3173"}],"curies":[{"name":"wp","href":"https:\/\/api.w.org\/{rel}","templated":true}]}}