{"id":3168,"date":"2016-09-13T05:02:23","date_gmt":"2016-09-13T08:02:23","guid":{"rendered":"https:\/\/blogs.correiobraziliense.com.br\/vicente\/?p=3168"},"modified":"2016-09-13T08:12:07","modified_gmt":"2016-09-13T11:12:07","slug":"coluna-no-correio-ja-vai-tarde","status":"publish","type":"post","link":"https:\/\/blogs.correiobraziliense.com.br\/vicente\/coluna-no-correio-ja-vai-tarde\/","title":{"rendered":"Coluna no Correio: J\u00e1 vai tarde"},"content":{"rendered":"<p>A iniciativa da nova presidente do Supremo Tribunal Federal (STF), C\u00e1rmen L\u00facia, de quebrar o protocolo e iniciar seu discurso de posse fazendo uma rever\u00eancia \u00e0 \u201csua excel\u00eancia, o povo\u201d foi emblem\u00e1tica. O Brasil vive, talvez, um dos momentos mais terr\u00edveis da sua hist\u00f3ria, combinando corrup\u00e7\u00e3o, recess\u00e3o e desemprego. A maior v\u00edtima desse quadro perverso \u00e9 a popula\u00e7\u00e3o, \u00e0 qual cabe arcar com a fatura, seja por meio de mais impostos, seja por interm\u00e9dio de p\u00e9ssimos servi\u00e7os p\u00fablicos e de priva\u00e7\u00e3o de itens b\u00e1sicos no dia a dia. A ministra foi enf\u00e1tica: \u201cN\u00e3o temos o Brasil que queremos\u201d.<\/p>\n<p>&nbsp;<\/p>\n<p>Os deputados, felizmente, decidiram contribuir para dar alento \u00e0 tanta decep\u00e7\u00e3o e frustra\u00e7\u00e3o. Apesar de todas as manobras, cassaram o mandato de Eduardo Cunha. N\u00e3o havia mais como o pa\u00eds conviver com uma pessoa t\u00e3o nefasta na Casa onde est\u00e3o os representantes do povo. Era um insulto \u00e0 popula\u00e7\u00e3o a C\u00e2mara manter como legislador algu\u00e9m que responde a dois processos no STF por lavagem de dinheiro e corrup\u00e7\u00e3o. Cunha s\u00f3 n\u00e3o foi preso ainda devido ao foro privilegiado que detinha, aberra\u00e7\u00e3o que favorece um grupo restrito, afeito a a\u00e7\u00f5es nada republicanas.<\/p>\n<p>&nbsp;<\/p>\n<p>A cassa\u00e7\u00e3o de Cunha se tornou uma obriga\u00e7\u00e3o. Um caminho diferente desse seria a desmoraliza\u00e7\u00e3o total da C\u00e2mara. Num pa\u00eds s\u00e9rio, o poder Legislativo \u00e9 refer\u00eancia e visto com rever\u00eancia. No Brasil, por\u00e9m, se tornou o que h\u00e1 de pior. O mais humilde dos cidad\u00e3os, quando perguntado sobre o que fazem os deputados, responde que coisa boa n\u00e3o \u00e9. Os parlamentares s\u00e3o vistos como pessoas preocupadas em encher o pr\u00f3prio bolso, em detrimento do pa\u00eds. Procuram se eleger apenas para tirar proveito pessoal do cargo. Nunca para contribuir para a melhora das condi\u00e7\u00f5es de vida da popula\u00e7\u00e3o.<\/p>\n<p>&nbsp;<\/p>\n<p><b>\u00c0 margem da lei<\/b><\/p>\n<p>&nbsp;<\/p>\n<p>Os deputados foram complacentes demais com Cunha. Aceitaram todas as manobras que resultaram no mais longo processo conduzido pela C\u00e2mara. Ele usou e abusou de sua influ\u00eancia para manipular informa\u00e7\u00f5es, chantagear colegas e desafiar a Justi\u00e7a. Mentiu descaradamente ao dizer que n\u00e3o tinha contas secretas na Su\u00ed\u00e7a. Quebrou o decoro acreditando que ningu\u00e9m teria coragem de lhe tirar os direitos pol\u00edticos. Agora, sem a prote\u00e7\u00e3o do cargo, ir\u00e1 direto para as m\u00e3os do juiz S\u00e9rgio Moro. Cunha ter\u00e1 o lugar que merece, a pris\u00e3o.<\/p>\n<p>&nbsp;<\/p>\n<p>A cassa\u00e7\u00e3o de Cunha \u00e9 um presente para os trabalhadores de bem. Esse pa\u00eds n\u00e3o pode mais aceitar, passivamente, que alguns privilegiados vivam \u00e0s margens da lei, como se fossem intoc\u00e1veis. O hist\u00f3rico do deputado \u00e9 impressionante. Desde que entrou para a vida p\u00fablica, esteve metido em falcatruas. Nunca foi pego, justamente porque soube usar, como ningu\u00e9m, a prote\u00e7\u00e3o que o Estado lhe deu para fugir das garras da Justi\u00e7a.<\/p>\n<p>&nbsp;<\/p>\n<p>Com as irregularidades, as propinas, as rela\u00e7\u00f5es incestuosas com o poder, construiu uma m\u00e1quina de financiamento de campanha que lhe permitiu ficar por tanto tempo na Casa do povo. O modelo pol\u00edtico, em que os mais votados nem sempre s\u00e3o os eleitos, o favoreceu em v\u00e1rias oportunidades. Para construir seu feudo na C\u00e2mara, usou parte do dinheiro amealhado com a corrup\u00e7\u00e3o. A rede de prote\u00e7\u00e3o, enfim, se rompeu.<\/p>\n<p>&nbsp;<\/p>\n<p>At\u00e9 o \u00faltimo instante, Cunha acreditou no seu poder de manipula\u00e7\u00e3o. Mas ningu\u00e9m se rendeu a suas amea\u00e7as, a seus apelos e ao falso choro. Cunha n\u00e3o caiu porque deu in\u00edcio ao processo de impeachment de Dilma Rousseff ou porque enfrentou o PT. Cunha caiu por todos os crimes de cometeu. A cassa\u00e7\u00e3o de seu mandato vai virar uma p\u00e1gina da hist\u00f3ria que n\u00e3o deve ser esquecida. Sua excel\u00eancia, o povo, precisa se lembrar, todas as vezes em que for depositar o voto nas urnas, dos riscos de se eleger uma pessoa como Cunha, que j\u00e1 vai tarde.<\/p>\n<p>&nbsp;<\/p>\n<p><b>Delinquentes<\/b><\/p>\n<p>&nbsp;<\/p>\n<p>Os recados de que n\u00e3o h\u00e1 espa\u00e7o para novos Cunhas foram expl\u00edcitos na posse de C\u00e1rmen L\u00facia na Presid\u00eancia do Supremo. Ministro mais antigo da Corte, Celso de Mello pediu um basta \u00e0 corrup\u00e7\u00e3o. Citando o ex-presidente da C\u00e2mara Ulysses Guimar\u00e3es, afirmou que \u201cn\u00e3o roubar, n\u00e3o deixar roubar, p\u00f4r na cadeia quem roube\u201d \u00e9 o primeiro fundamento da moral p\u00fablica. Na avalia\u00e7\u00e3o de Mello, acabaram os tempos de \u201cdelinqu\u00eancia governamental\u201d e dos \u201cmarginais da Rep\u00fablica\u201d. A popula\u00e7\u00e3o quer e merece respeito.<\/p>\n<p>&nbsp;<\/p>\n<p>O ministro foi al\u00e9m, ainda citando Ulysses: \u201cA corrup\u00e7\u00e3o \u00e9 o cupim da Rep\u00fablica. A Rep\u00fablica suja pela corrup\u00e7\u00e3o impune tomba nas m\u00e3os de demagogos, que, a pretexto de salv\u00e1-la, a tiranizam\u201d. Para o ministro, \u201cas pr\u00e1ticas delituosas, que tanto afetam a estabilidade e a seguran\u00e7a da sociedade, ainda mais quando perpetradas por interm\u00e9dio de organiza\u00e7\u00f5es criminosas, enfraquecem as institui\u00e7\u00f5es, corrompem os valores da democracia, da \u00e9tica e da justi\u00e7a e comprometem a pr\u00f3pria sustentabilidade do Estado Democr\u00e1tico de Direito\u201d.<\/p>\n<p>&nbsp;<\/p>\n<p>O Brasil, a duras penas, est\u00e1 expondo suas feridas para que tempos melhores possam vir. A sociedade precisa acreditar que \u00e9 poss\u00edvel conviver com pol\u00edticos honestos, que coloquem o bem de todos acima de tudo. Nesse pa\u00eds melhor n\u00e3o h\u00e1 espa\u00e7o para Eduardo Cunha e seus asseclas. O momento, agora, \u00e9 de limpeza \u00e9tica. Como disse Celso de Mello, a \u201catua\u00e7\u00e3o criminosa tem o efeito delet\u00e9rio de subverter a dignidade da fun\u00e7\u00e3o pol\u00edtica e da pr\u00f3pria atividade governamental, degradando-as ao plano subalterno da delinqu\u00eancia institucional e transformando-as em um meio desprez\u00edvel de enriquecimento il\u00edcito\u201d. A cassa\u00e7\u00e3o de Cunha \u00e9 um momento hist\u00f3rico.<\/p>\n<p>&nbsp;<\/p>\n<p><i>Bras\u00edlia, 05h02min<\/i><\/p>\n","protected":false},"excerpt":{"rendered":"<p>A iniciativa da nova presidente do Supremo Tribunal Federal (STF), C\u00e1rmen L\u00facia, de quebrar o protocolo e iniciar seu discurso de posse fazendo uma rever\u00eancia \u00e0 \u201csua excel\u00eancia, o povo\u201d foi emblem\u00e1tica. O Brasil vive, talvez, um dos momentos mais terr\u00edveis da sua hist\u00f3ria, combinando corrup\u00e7\u00e3o, recess\u00e3o e desemprego. A maior v\u00edtima desse quadro perverso [&hellip;]<\/p>\n","protected":false},"author":22,"featured_media":0,"comment_status":"open","ping_status":"closed","sticky":false,"template":"","format":"standard","meta":{"footnotes":""},"categories":[600],"tags":[134,1230,253,255,1234,61,39],"class_list":["post-3168","post","type-post","status-publish","format-standard","hentry","category-economia","tag-camara","tag-carmen-lucia","tag-cassacao","tag-corrupcao","tag-deputado","tag-eduardo-cunha","tag-supremo-tribunal-federal"],"_links":{"self":[{"href":"https:\/\/blogs.correiobraziliense.com.br\/vicente\/wp-json\/wp\/v2\/posts\/3168","targetHints":{"allow":["GET"]}}],"collection":[{"href":"https:\/\/blogs.correiobraziliense.com.br\/vicente\/wp-json\/wp\/v2\/posts"}],"about":[{"href":"https:\/\/blogs.correiobraziliense.com.br\/vicente\/wp-json\/wp\/v2\/types\/post"}],"author":[{"embeddable":true,"href":"https:\/\/blogs.correiobraziliense.com.br\/vicente\/wp-json\/wp\/v2\/users\/22"}],"replies":[{"embeddable":true,"href":"https:\/\/blogs.correiobraziliense.com.br\/vicente\/wp-json\/wp\/v2\/comments?post=3168"}],"version-history":[{"count":1,"href":"https:\/\/blogs.correiobraziliense.com.br\/vicente\/wp-json\/wp\/v2\/posts\/3168\/revisions"}],"predecessor-version":[{"id":3169,"href":"https:\/\/blogs.correiobraziliense.com.br\/vicente\/wp-json\/wp\/v2\/posts\/3168\/revisions\/3169"}],"wp:attachment":[{"href":"https:\/\/blogs.correiobraziliense.com.br\/vicente\/wp-json\/wp\/v2\/media?parent=3168"}],"wp:term":[{"taxonomy":"category","embeddable":true,"href":"https:\/\/blogs.correiobraziliense.com.br\/vicente\/wp-json\/wp\/v2\/categories?post=3168"},{"taxonomy":"post_tag","embeddable":true,"href":"https:\/\/blogs.correiobraziliense.com.br\/vicente\/wp-json\/wp\/v2\/tags?post=3168"}],"curies":[{"name":"wp","href":"https:\/\/api.w.org\/{rel}","templated":true}]}}