{"id":3162,"date":"2016-09-12T12:35:39","date_gmt":"2016-09-12T15:35:39","guid":{"rendered":"https:\/\/blogs.correiobraziliense.com.br\/vicente\/?p=3162"},"modified":"2016-09-12T12:38:00","modified_gmt":"2016-09-12T15:38:00","slug":"abrapp-estima-que-setor-tera-153-milhoes-de-participantes-ate-2036","status":"publish","type":"post","link":"https:\/\/blogs.correiobraziliense.com.br\/vicente\/abrapp-estima-que-setor-tera-153-milhoes-de-participantes-ate-2036\/","title":{"rendered":"Abrapp estima que setor ter\u00e1 15,3 milh\u00f5es de participantes at\u00e9 2036"},"content":{"rendered":"<p>POR ANTONIO TEM\u00d3TEO<\/p>\n<p>&nbsp;<\/p>\n<p>O total de participantes dos fundos de pens\u00e3o\u00a0deve sextuplicar nos pr\u00f3ximos 20 anos, estima a Associa\u00e7\u00e3o Brasileira das Entidades Fechadas de Previd\u00eancia Complementar (Abrapp). Os executivos do setor apostam que o crescimento do setor ser\u00e1 impulsionado pela cria\u00e7\u00e3o de planos institu\u00eddos, criados por associa\u00e7\u00f5es de classe em que n\u00e3o h\u00e1 contribui\u00e7\u00e3o de patrocinadores.<\/p>\n<p>&nbsp;<\/p>\n<p>Pelas proje\u00e7\u00f5es da entidade, 6,6 milh\u00f5es de pessoas t\u00eam potencial para ingressar no sistema, por meio dos planos institu\u00eddos. Al\u00e9m disso, o setor aposta que 2,7 milh\u00f5es de servidores p\u00fablicos federais, estaduais e municipais podem aderir a planos de benef\u00edcios criados pelos entes da federa\u00e7\u00e3o ou por meio da Funpresp.<\/p>\n<p>&nbsp;<\/p>\n<p>O governo federal enviou ao Congresso Nacional na semana passada um projeto de lei que autoriza a Funpresp a administrar planos de benef\u00edcios para servidores de todos os Poderes de estados e munic\u00edpios. A Abrapp ainda estima que 3 milh\u00f5es de trabalhadores do setor privado podem aderir a planos de benef\u00edcios.<\/p>\n<p>&nbsp;<\/p>\n<p>Al\u00e9m desses grupos, 500 mil empregados de empresas que possuem fundos de pens\u00e3o e n\u00e3o s\u00e3o participantes de planos de benef\u00edcios podem entrar no sistema. O ingresso de todos esses trabalhadores levaria o patrim\u00f4nio dos fundos de pens\u00e3o a R$ 2,1 trilh\u00f5es, o equivalente a 21,4% do Produto Interno Bruto (PIB).<\/p>\n<p>&nbsp;<\/p>\n<p>&nbsp;<\/p>\n<p>&nbsp;<\/p>\n","protected":false},"excerpt":{"rendered":"<p>POR ANTONIO TEM\u00d3TEO &nbsp; O total de participantes dos fundos de pens\u00e3o\u00a0deve sextuplicar nos pr\u00f3ximos 20 anos, estima a Associa\u00e7\u00e3o Brasileira das Entidades Fechadas de Previd\u00eancia Complementar (Abrapp). Os executivos do setor apostam que o crescimento do setor ser\u00e1 impulsionado pela cria\u00e7\u00e3o de planos institu\u00eddos, criados por associa\u00e7\u00f5es de classe em que n\u00e3o h\u00e1 contribui\u00e7\u00e3o [&hellip;]<\/p>\n","protected":false},"author":22,"featured_media":0,"comment_status":"open","ping_status":"closed","sticky":false,"template":"","format":"standard","meta":{"footnotes":""},"categories":[600],"tags":[193,178,1232,1233,123],"class_list":["post-3162","post","type-post","status-publish","format-standard","hentry","category-economia","tag-abrapp","tag-fundos-de-pensao","tag-participantes","tag-planos-instituidos","tag-servidores"],"_links":{"self":[{"href":"https:\/\/blogs.correiobraziliense.com.br\/vicente\/wp-json\/wp\/v2\/posts\/3162","targetHints":{"allow":["GET"]}}],"collection":[{"href":"https:\/\/blogs.correiobraziliense.com.br\/vicente\/wp-json\/wp\/v2\/posts"}],"about":[{"href":"https:\/\/blogs.correiobraziliense.com.br\/vicente\/wp-json\/wp\/v2\/types\/post"}],"author":[{"embeddable":true,"href":"https:\/\/blogs.correiobraziliense.com.br\/vicente\/wp-json\/wp\/v2\/users\/22"}],"replies":[{"embeddable":true,"href":"https:\/\/blogs.correiobraziliense.com.br\/vicente\/wp-json\/wp\/v2\/comments?post=3162"}],"version-history":[{"count":3,"href":"https:\/\/blogs.correiobraziliense.com.br\/vicente\/wp-json\/wp\/v2\/posts\/3162\/revisions"}],"predecessor-version":[{"id":3167,"href":"https:\/\/blogs.correiobraziliense.com.br\/vicente\/wp-json\/wp\/v2\/posts\/3162\/revisions\/3167"}],"wp:attachment":[{"href":"https:\/\/blogs.correiobraziliense.com.br\/vicente\/wp-json\/wp\/v2\/media?parent=3162"}],"wp:term":[{"taxonomy":"category","embeddable":true,"href":"https:\/\/blogs.correiobraziliense.com.br\/vicente\/wp-json\/wp\/v2\/categories?post=3162"},{"taxonomy":"post_tag","embeddable":true,"href":"https:\/\/blogs.correiobraziliense.com.br\/vicente\/wp-json\/wp\/v2\/tags?post=3162"}],"curies":[{"name":"wp","href":"https:\/\/api.w.org\/{rel}","templated":true}]}}