{"id":3153,"date":"2016-09-12T10:30:53","date_gmt":"2016-09-12T13:30:53","guid":{"rendered":"https:\/\/blogs.correiobraziliense.com.br\/vicente\/?p=3153"},"modified":"2016-09-12T11:15:40","modified_gmt":"2016-09-12T14:15:40","slug":"para-o-governo-o-que-mais-importa-do-discurso-de-carmen-lucia-e-posicao-contraria-ao-aumento-ministros-do-stf","status":"publish","type":"post","link":"https:\/\/blogs.correiobraziliense.com.br\/vicente\/para-o-governo-o-que-mais-importa-do-discurso-de-carmen-lucia-e-posicao-contraria-ao-aumento-ministros-do-stf\/","title":{"rendered":"Para o governo, o que mais importa do discurso de C\u00e1rmen L\u00facia \u00e9 posi\u00e7\u00e3o contr\u00e1ria ao aumento a ministros do STF"},"content":{"rendered":"<p>O Pal\u00e1cio do Planalto vai acompanhar com lupa o discurso de posse de C\u00e1rmen L\u00facia hoje na presid\u00eancia do Supremo Tribunal Federal (STF). Nada, por\u00e9m, ser\u00e1 mais importante para o governo do que uma posi\u00e7\u00e3o contr\u00e1ria de C\u00e1rmen L\u00facia ao reajuste de sal\u00e1rios dos ministros da maior Corte do pa\u00eds. Auxiliares do presidente Michel Temer, que j\u00e1 se posicionou contra o aumento, esperam que ele seja endossado pela magistrada.<\/p>\n<p>&nbsp;<\/p>\n<p>Pelos c\u00e1lculos do governo, o impacto do reajuste de sal\u00e1rios aos ministros do STF nas contas p\u00fablicas ser\u00e1 de R$ 5 bilh\u00f5es at\u00e9 2019. Isso, apenas no caixa da Uni\u00e3o. O problema \u00e9 que o aumento provoca um efeito cascata, porque eleva o teto salarial do funcionalismo p\u00fablico e se espalha por estados e munic\u00edpios, que enfrentam uma crise sem precedentes, com falta de dinheiro para bancar at\u00e9 merenda escolar.<\/p>\n<p>&nbsp;<\/p>\n<p>Nos bastidores, C\u00e1rmen L\u00facia j\u00e1 disse ser contr\u00e1ria ao reajuste de sal\u00e1rios, devido \u00e0 grav\u00edssima crise que o pa\u00eds enfrenta. Por ela, v\u00e1rios penduricalhos que engordam os sal\u00e1rios de magistrados, como aux\u00edlio-moradia, deveriam ser extintos. H\u00e1 ju\u00edzes que chegam a receber at\u00e9 R$ 100 mil por m\u00eas, uma aberra\u00e7\u00e3o diante da dram\u00e1tica situa\u00e7\u00e3o da economia, com 12 milh\u00f5es de desempregados.<\/p>\n<p>&nbsp;<\/p>\n<p>O aumento salarial foi negociado pelo quase ex-presidente do Supremo, Ricardo Lewandowski. Ele acertou a corre\u00e7\u00e3o das remunera\u00e7\u00f5es ainda no governo de Dilma Rousseff e trabalhou pesado no Congresso para que o reajuste fosse aprovado. O tema est\u00e1 na Comiss\u00e3o de Assuntos Econ\u00f4micos (CAE) do Senado. Se passar por l\u00e1, ir\u00e1 a vota\u00e7\u00e3o no plen\u00e1rio.<\/p>\n<p>&nbsp;<\/p>\n<p>O presidente do Senado, Renan Calheiros, que quer uma aproxima\u00e7\u00e3o com o STF, trabalhou pesado para que o aumento de sal\u00e1rios fosse votado na \u00faltima quinta-feira, dia 8. Mas acabou cedendo aos apelos do Planalto. A bancada do PMDB est\u00e1 dividida em rela\u00e7\u00e3o ao tema. Mas, diante das declara\u00e7\u00f5es de Temer, j\u00e1 come\u00e7a a fechar posi\u00e7\u00e3o contra o aumento.<\/p>\n<p>&nbsp;<\/p>\n<p>Na base aliada do governo, PSDB e DEM s\u00e3o abertamente contr\u00e1rios \u00e0 corre\u00e7\u00e3o das remunera\u00e7\u00f5es dos ministros do STF, que podem passar de R$ 33 mil para R$ 39 mil. A posi\u00e7\u00e3o dos dois partidos criou ru\u00eddos no governo e obrigou Temer a enquadrar o PMDB. Caso C\u00e1rmen L\u00facia se posicione contra, o Planalto acredita que o PMDB n\u00e3o ter\u00e1 mais argumentos para defender o aumento.<\/p>\n<p>&nbsp;<\/p>\n<p><em>Bras\u00edlia, 10h30min<\/em><\/p>\n<p>&nbsp;<\/p>\n<p>&nbsp;<\/p>\n","protected":false},"excerpt":{"rendered":"<p>O Pal\u00e1cio do Planalto vai acompanhar com lupa o discurso de posse de C\u00e1rmen L\u00facia hoje na presid\u00eancia do Supremo Tribunal Federal (STF). Nada, por\u00e9m, ser\u00e1 mais importante para o governo do que uma posi\u00e7\u00e3o contr\u00e1ria de C\u00e1rmen L\u00facia ao reajuste de sal\u00e1rios dos ministros da maior Corte do pa\u00eds. Auxiliares do presidente Michel Temer, [&hellip;]<\/p>\n","protected":false},"author":22,"featured_media":0,"comment_status":"open","ping_status":"closed","sticky":false,"template":"","format":"standard","meta":{"footnotes":""},"categories":[600],"tags":[1230,111,124,1231,122,39],"class_list":["post-3153","post","type-post","status-publish","format-standard","hentry","category-economia","tag-carmen-lucia","tag-michel-temer","tag-reajustes","tag-ricardo-lewandowski","tag-salarios","tag-supremo-tribunal-federal"],"_links":{"self":[{"href":"https:\/\/blogs.correiobraziliense.com.br\/vicente\/wp-json\/wp\/v2\/posts\/3153","targetHints":{"allow":["GET"]}}],"collection":[{"href":"https:\/\/blogs.correiobraziliense.com.br\/vicente\/wp-json\/wp\/v2\/posts"}],"about":[{"href":"https:\/\/blogs.correiobraziliense.com.br\/vicente\/wp-json\/wp\/v2\/types\/post"}],"author":[{"embeddable":true,"href":"https:\/\/blogs.correiobraziliense.com.br\/vicente\/wp-json\/wp\/v2\/users\/22"}],"replies":[{"embeddable":true,"href":"https:\/\/blogs.correiobraziliense.com.br\/vicente\/wp-json\/wp\/v2\/comments?post=3153"}],"version-history":[{"count":3,"href":"https:\/\/blogs.correiobraziliense.com.br\/vicente\/wp-json\/wp\/v2\/posts\/3153\/revisions"}],"predecessor-version":[{"id":3156,"href":"https:\/\/blogs.correiobraziliense.com.br\/vicente\/wp-json\/wp\/v2\/posts\/3153\/revisions\/3156"}],"wp:attachment":[{"href":"https:\/\/blogs.correiobraziliense.com.br\/vicente\/wp-json\/wp\/v2\/media?parent=3153"}],"wp:term":[{"taxonomy":"category","embeddable":true,"href":"https:\/\/blogs.correiobraziliense.com.br\/vicente\/wp-json\/wp\/v2\/categories?post=3153"},{"taxonomy":"post_tag","embeddable":true,"href":"https:\/\/blogs.correiobraziliense.com.br\/vicente\/wp-json\/wp\/v2\/tags?post=3153"}],"curies":[{"name":"wp","href":"https:\/\/api.w.org\/{rel}","templated":true}]}}