{"id":3149,"date":"2016-09-11T07:10:55","date_gmt":"2016-09-11T10:10:55","guid":{"rendered":"https:\/\/blogs.correiobraziliense.com.br\/vicente\/?p=3149"},"modified":"2016-09-11T10:59:27","modified_gmt":"2016-09-11T13:59:27","slug":"coluna-no-correio-decifrando-as-ruas","status":"publish","type":"post","link":"https:\/\/blogs.correiobraziliense.com.br\/vicente\/coluna-no-correio-decifrando-as-ruas\/","title":{"rendered":"Coluna no Correio: Decifrando as ruas"},"content":{"rendered":"<p>POR ANTONIO MACHADO<\/p>\n<p>&nbsp;<\/p>\n<p>Sem a inseguran\u00e7a do interinato a lhe tolher a a\u00e7\u00e3o e a cada dia que passa sem a sombra de Dilma Rousseff a lhe perturbar, mas com o seu terr\u00edvel legado de inaptid\u00e3o gerencial e ru\u00edna econ\u00f4mica a lhe cobrar provid\u00eancias, Michel Temer est\u00e1 agora por sua conta e risco para tentar fechar sua longa carreira pol\u00edtica com louvor.<\/p>\n<p>&nbsp;<\/p>\n<p>O desafio \u00e9 monumental, e n\u00e3o s\u00f3 para ele, j\u00e1 que n\u00e3o poderia ser pior a situa\u00e7\u00e3o das contas p\u00fablicas. Os partidos que o apoiam no Congresso, em especial o seu PMDB, t\u00eam pouca pr\u00e1tica de governar. E todos s\u00f3 estiveram com o PT como parceiros alugados nos governos de Lula e Dilma, sem nunca participar diretamente das decis\u00f5es.<\/p>\n<p>&nbsp;<\/p>\n<p>As bancadas de deputados e senadores acostumaram-se, em boa parte, a partilhar o lado pecuni\u00e1rio do poder, deixando o m\u00e9rito das a\u00e7\u00f5es ao PT. Agora, n\u00e3o h\u00e1 proposta populista nem repasto a dividir, s\u00f3 a ingrata miss\u00e3o de contar \u00e0 sociedade que a festa acabou. Sobraram cerveja quente, copos no ch\u00e3o, bebuns ca\u00eddos, e a conta para pagar.<\/p>\n<p>&nbsp;<\/p>\n<p>Curioso \u00e9 que, exceto pela expectativa irreal de gente do mercado financeiro, ningu\u00e9m achava que seria f\u00e1cil. Por isso causa esp\u00e9cie a surpresa de Temer e de seu entourage com os protestos nas ruas.<br \/>\nDilma se foi e, por mais que se esforce e o PT lhe estenda a m\u00e3o, dificilmente ser\u00e1 a pessoa que catalisar\u00e1 a esquerda e reformar\u00e1 o seu partido.<\/p>\n<p>&nbsp;<\/p>\n<p>Mas Lula continua na \u00e1rea, tanto por que n\u00e3o h\u00e1 outro com sua estatura no PT, como \u00e9 s\u00f3 o que lhe resta \u2014 agitar as ruas por meio de grupos como dos sem terra, sem teto e a vers\u00e3o jovem de tais movimentos, o Levante Popular da Juventude, de modo a se fazer ouvir pelo governo atual, pela nova base governista no Congresso e, sobretudo, pelos ju\u00edzes, procuradores e delegados em seu encal\u00e7o.<\/p>\n<p>&nbsp;<\/p>\n<p>O Fora Temer (tal como o Fora FHC em 1999) \u00e9 menos contra ele e o seu governo. Trata-se do m\u00e9todo petista de tirar sua milit\u00e2ncia da apatia e responder a desafios pontuais. Em 1999, a crise econ\u00f4mica (que tamb\u00e9m foi negada na reelei\u00e7\u00e3o de FHC, como Dilma fez em 2014) foi a forma de repor Lula, que vinha da terceira derrota seguida, na disputa eleitoral de 2002. Hoje, as raz\u00f5es s\u00e3o menos eleitorais.\u00a0A agita\u00e7\u00e3o, sobretudo em S\u00e3o Paulo, \u00e9 o veiculo para \u201cpurificar\u201d o petismo, vergado pela m\u00e1cula da corrup\u00e7\u00e3o, e p\u00f4r medo em Temer, na base aliada e na Justi\u00e7a sobre um eventual cen\u00e1rio adverso a Lula.<\/p>\n<p>&nbsp;<\/p>\n<p><b>Com culpa no cart\u00f3rio<\/b><\/p>\n<p>&nbsp;<\/p>\n<p>A avalia\u00e7\u00e3o do clima social pelos conselheiros de Temer concorda com a percep\u00e7\u00e3o de que a recess\u00e3o, o desemprego, a infla\u00e7\u00e3o, juros de provocar indigest\u00e3o, a escassez do cr\u00e9dito, tudo isso contribui para irritar e alarmar a sociedade. Mas a conclus\u00e3o soa pueril.<\/p>\n<p>&nbsp;<\/p>\n<p>O grupo palaciano acha que a volta do crescimento vai aquietar os protestos nas ruas, o que sugere rea\u00e7\u00e3o passiva ao que encontraram do legado de Dilma. Ela pode n\u00e3o ter sido a respons\u00e1vel \u00fanica, mas foi o \u00faltimo elo de uma cadeia de irresponsabilidade fiscal que vem desde a Constitui\u00e7\u00e3o, em 1988. O estilo cordato, somado \u00e0 culpa no cart\u00f3rio que o PMDB partilha com o PT, impele Temer ao sil\u00eancio.<\/p>\n<p>&nbsp;<\/p>\n<p>Isso n\u00e3o vai funcionar, salvo se, como Lula anseia, o governo saia a campo e se empenhe, entre Congresso e Judici\u00e1rio, pela aprova\u00e7\u00e3o de projetos de lei, al\u00e9m de senten\u00e7as, que aliviem os r\u00e9us da Lava Jato (como Lula e empres\u00e1rios delatados), reduzindo o raio de a\u00e7\u00e3o do Minist\u00e9rio P\u00fablico \u2014 a inst\u00e2ncia de apresenta\u00e7\u00e3o das den\u00fancias.<\/p>\n<p>&nbsp;<\/p>\n<p><b>Toma que o filho \u00e9 teu<\/b><\/p>\n<p>&nbsp;<\/p>\n<p>Este governo n\u00e3o tem a menor condi\u00e7\u00e3o pol\u00edtica de mudar as for\u00e7as anticorrup\u00e7\u00e3o, como n\u00e3o teve a gest\u00e3o anterior. Mas h\u00e1 o risco de o PT colar em seus ex-s\u00f3cios \u00e0 falta de rea\u00e7\u00e3o a pecha de corruptos.\u00a0E, se demorar a reverter o descontrole fiscal, sobrar\u00e1 para Temer a culpa pela desordem econ\u00f4mica e pelo flagelo social. N\u00e3o h\u00e1 outra prioridade que n\u00e3o seja um programa nos moldes da PEC do Teto para desmontar o vi\u00e9s de o gasto p\u00fablico crescer ao ritmo de 6% ao ano desde 1997 (in\u00edcio do estresse da pen\u00faltima grande crise cambial).<\/p>\n<p>&nbsp;<\/p>\n<p>Tamb\u00e9m n\u00e3o haver\u00e1 crescimento econ\u00f4mico robusto enquanto n\u00e3o for estancado o deficit da previd\u00eancia, que tende a se avolumar devido ao envelhecimento da popula\u00e7\u00e3o. Sem mudan\u00e7as, tal sistema vai estar falido em 10 anos, segundo a Fazenda, pois exigir\u00e1 um aumento da carga tribut\u00e1ria dos atuais 34% do PIB para 44%, independentemente de tudo mais (sa\u00fade, educa\u00e7\u00e3o, infraestrutura etc.). N\u00e3o pode ser.<\/p>\n<p>&nbsp;<\/p>\n<p><b>Porta-vozes da confus\u00e3o<\/b><\/p>\n<p>&nbsp;<\/p>\n<p>\u201cOu faz (ajuste fiscal e da previd\u00eancia) ou vamos quebrar enquanto pa\u00eds, \u00e9 t\u00e3o simples quanto isso\u201d, advertiu, num encontro fechado, o ministro Henrique Meirelles. Mas tamb\u00e9m tem de revelar \u00e0 sociedade.<br \/>\nS\u00f3 que a compet\u00eancia pol\u00edtica nos bastidores dos chefes do governo n\u00e3o tem correspond\u00eancia na comunica\u00e7\u00e3o. Muita gente fala demais sem que haja convic\u00e7\u00e3o sobre o que vaza, tipo a reforma trabalhista. O ministro do Trabalho fala a sindicalistas sobre a ideia de elevar a carga de oito horas di\u00e1rias para 12 e Temer o leva a se desmentir.<\/p>\n<p>&nbsp;<\/p>\n<p>Temer anuncia o projeto de reforma da previd\u00eancia para este m\u00eas e o combinado com a C\u00e2mara previa para outubro o in\u00edcio dos debates, com o Congresso votando no pr\u00f3ximo semestre. Assim fica dif\u00edcil.<\/p>\n<p>&nbsp;<\/p>\n<p><b>S\u00f3 coisa amarga n\u00e3o d\u00e1<\/b><\/p>\n<p>&nbsp;<\/p>\n<p>O novo governo come\u00e7ou com o p\u00e9 esquerdo ao assentir com uma penca de projetos na C\u00e2mara aumentando os sal\u00e1rios da elite das carreiras do funcionalismo. Devia ter empurrado para frente, equilibrando uma situa\u00e7\u00e3o desfavor\u00e1vel ao trabalhador do setor privado \u2014 ganha menos que em todas as fun\u00e7\u00f5es equivalentes no governo e n\u00e3o \u00e9 est\u00e1vel.<\/p>\n<p>&nbsp;<\/p>\n<p>Agora lhe resta barrar o que puder no Senado, sobretudo o reajuste de sal\u00e1rios de ministros do STF, que acionam a famigerada isonomia, impactando o caixa da Uni\u00e3o e governos regionais. Mas tamb\u00e9m tem de vir a p\u00fablico revelar o que encontrou sem temer repres\u00e1lias nem dos advers\u00e1rios nem das corpora\u00e7\u00f5es. Isso \u00e9 b\u00e1sico para seu recome\u00e7o.<\/p>\n<p>&nbsp;<\/p>\n<p>Ningu\u00e9m toma inje\u00e7\u00e3o sorrindo, mas n\u00e3o foge dela quando preciso. \u00c9 esse o caso do ajuste fiscal. Deve vir acompanhado de um plano para completar o tratamento, j\u00e1 que a economia carece de muito mais que coisa amarga. Ningu\u00e9m se cura de doen\u00e7a fiscal s\u00f3 tomando inje\u00e7\u00e3o.<\/p>\n<p>&nbsp;<\/p>\n<p><i>Bras\u00edlia, 00h01min<\/i><\/p>\n","protected":false},"excerpt":{"rendered":"<p>POR ANTONIO MACHADO &nbsp; Sem a inseguran\u00e7a do interinato a lhe tolher a a\u00e7\u00e3o e a cada dia que passa sem a sombra de Dilma Rousseff a lhe perturbar, mas com o seu terr\u00edvel legado de inaptid\u00e3o gerencial e ru\u00edna econ\u00f4mica a lhe cobrar provid\u00eancias, Michel Temer est\u00e1 agora por sua conta e risco para [&hellip;]<\/p>\n","protected":false},"author":22,"featured_media":0,"comment_status":"open","ping_status":"closed","sticky":false,"template":"","format":"standard","meta":{"footnotes":""},"categories":[600],"tags":[1229,11,1228,62,111,429,422,666,1227],"class_list":["post-3149","post","type-post","status-publish","format-standard","hentry","category-economia","tag-12-horas","tag-dilma-rousseff","tag-horas-trabalhadas","tag-impeachment","tag-michel-temer","tag-previdencia","tag-pt","tag-reformas","tag-trabalhista"],"_links":{"self":[{"href":"https:\/\/blogs.correiobraziliense.com.br\/vicente\/wp-json\/wp\/v2\/posts\/3149","targetHints":{"allow":["GET"]}}],"collection":[{"href":"https:\/\/blogs.correiobraziliense.com.br\/vicente\/wp-json\/wp\/v2\/posts"}],"about":[{"href":"https:\/\/blogs.correiobraziliense.com.br\/vicente\/wp-json\/wp\/v2\/types\/post"}],"author":[{"embeddable":true,"href":"https:\/\/blogs.correiobraziliense.com.br\/vicente\/wp-json\/wp\/v2\/users\/22"}],"replies":[{"embeddable":true,"href":"https:\/\/blogs.correiobraziliense.com.br\/vicente\/wp-json\/wp\/v2\/comments?post=3149"}],"version-history":[{"count":1,"href":"https:\/\/blogs.correiobraziliense.com.br\/vicente\/wp-json\/wp\/v2\/posts\/3149\/revisions"}],"predecessor-version":[{"id":3150,"href":"https:\/\/blogs.correiobraziliense.com.br\/vicente\/wp-json\/wp\/v2\/posts\/3149\/revisions\/3150"}],"wp:attachment":[{"href":"https:\/\/blogs.correiobraziliense.com.br\/vicente\/wp-json\/wp\/v2\/media?parent=3149"}],"wp:term":[{"taxonomy":"category","embeddable":true,"href":"https:\/\/blogs.correiobraziliense.com.br\/vicente\/wp-json\/wp\/v2\/categories?post=3149"},{"taxonomy":"post_tag","embeddable":true,"href":"https:\/\/blogs.correiobraziliense.com.br\/vicente\/wp-json\/wp\/v2\/tags?post=3149"}],"curies":[{"name":"wp","href":"https:\/\/api.w.org\/{rel}","templated":true}]}}