{"id":3139,"date":"2016-09-10T12:11:30","date_gmt":"2016-09-10T15:11:30","guid":{"rendered":"https:\/\/blogs.correiobraziliense.com.br\/vicente\/?p=3139"},"modified":"2016-09-10T21:14:43","modified_gmt":"2016-09-11T00:14:43","slug":"contradicoes-do-bc","status":"publish","type":"post","link":"https:\/\/blogs.correiobraziliense.com.br\/vicente\/contradicoes-do-bc\/","title":{"rendered":"Contradi\u00e7\u00f5es do BC"},"content":{"rendered":"<p>Especialistas chamam a aten\u00e7\u00e3o para as contradi\u00e7\u00f5es no discurso do Banco Central. A institui\u00e7\u00e3o tem alegado que s\u00f3 pode cortar juros se as proje\u00e7\u00f5es de infla\u00e7\u00e3o para o ano que vem ca\u00edrem para o centro da meta, de 4,5%. E isso passa pela aprova\u00e7\u00e3o do ajuste fiscal.<\/p>\n<p>&nbsp;<\/p>\n<p><b>Vari\u00e1vel do c\u00e2mbio<\/b><\/p>\n<p>&nbsp;<\/p>\n<p>Muitos se perguntam por que, mesmo sem o ajuste, as estimativas de infla\u00e7\u00e3o para 2018, 2019 e 2020 est\u00e3o ancoradas no centro da meta? E respondem: h\u00e1 uma vari\u00e1vel no meio do caminho, a taxa de c\u00e2mbio, que precisa ceder mais para aliviar o custo de vida. S\u00f3 que o BC n\u00e3o deixa.<\/p>\n","protected":false},"excerpt":{"rendered":"<p>Especialistas chamam a aten\u00e7\u00e3o para as contradi\u00e7\u00f5es no discurso do Banco Central. A institui\u00e7\u00e3o tem alegado que s\u00f3 pode cortar juros se as proje\u00e7\u00f5es de infla\u00e7\u00e3o para o ano que vem ca\u00edrem para o centro da meta, de 4,5%. E isso passa pela aprova\u00e7\u00e3o do ajuste fiscal. &nbsp; Vari\u00e1vel do c\u00e2mbio &nbsp; Muitos se perguntam [&hellip;]<\/p>\n","protected":false},"author":22,"featured_media":0,"comment_status":"open","ping_status":"closed","sticky":false,"template":"","format":"standard","meta":{"footnotes":""},"categories":[600],"tags":[13,3,849,1222,343,4,34],"class_list":["post-3139","post","type-post","status-publish","format-standard","hentry","category-economia","tag-ajuste-fiscal","tag-banco-central","tag-cambio","tag-contradicoes","tag-dolar","tag-juros","tag-selic"],"_links":{"self":[{"href":"https:\/\/blogs.correiobraziliense.com.br\/vicente\/wp-json\/wp\/v2\/posts\/3139","targetHints":{"allow":["GET"]}}],"collection":[{"href":"https:\/\/blogs.correiobraziliense.com.br\/vicente\/wp-json\/wp\/v2\/posts"}],"about":[{"href":"https:\/\/blogs.correiobraziliense.com.br\/vicente\/wp-json\/wp\/v2\/types\/post"}],"author":[{"embeddable":true,"href":"https:\/\/blogs.correiobraziliense.com.br\/vicente\/wp-json\/wp\/v2\/users\/22"}],"replies":[{"embeddable":true,"href":"https:\/\/blogs.correiobraziliense.com.br\/vicente\/wp-json\/wp\/v2\/comments?post=3139"}],"version-history":[{"count":1,"href":"https:\/\/blogs.correiobraziliense.com.br\/vicente\/wp-json\/wp\/v2\/posts\/3139\/revisions"}],"predecessor-version":[{"id":3140,"href":"https:\/\/blogs.correiobraziliense.com.br\/vicente\/wp-json\/wp\/v2\/posts\/3139\/revisions\/3140"}],"wp:attachment":[{"href":"https:\/\/blogs.correiobraziliense.com.br\/vicente\/wp-json\/wp\/v2\/media?parent=3139"}],"wp:term":[{"taxonomy":"category","embeddable":true,"href":"https:\/\/blogs.correiobraziliense.com.br\/vicente\/wp-json\/wp\/v2\/categories?post=3139"},{"taxonomy":"post_tag","embeddable":true,"href":"https:\/\/blogs.correiobraziliense.com.br\/vicente\/wp-json\/wp\/v2\/tags?post=3139"}],"curies":[{"name":"wp","href":"https:\/\/api.w.org\/{rel}","templated":true}]}}