{"id":3128,"date":"2016-09-09T07:19:36","date_gmt":"2016-09-09T10:19:36","guid":{"rendered":"https:\/\/blogs.correiobraziliense.com.br\/vicente\/?p=3128"},"modified":"2016-09-09T10:27:30","modified_gmt":"2016-09-09T13:27:30","slug":"tse-quer-acabar-com-farra-de-servidores-que-se-candidatam-so-para-ficar-seis-meses-fora-do-trabalho","status":"publish","type":"post","link":"https:\/\/blogs.correiobraziliense.com.br\/vicente\/tse-quer-acabar-com-farra-de-servidores-que-se-candidatam-so-para-ficar-seis-meses-fora-do-trabalho\/","title":{"rendered":"TSE quer acabar com farra de servidores que se candidatam s\u00f3 para ficar seis meses fora do trabalho"},"content":{"rendered":"<p>O Tribunal Superior Eleitoral (TSE) identificou uma farra de servidores p\u00fablicos que se candidatam apenas para ficar seis meses fora do trabalho recebendo sal\u00e1rios. Muitos sequer fazem campanha. S\u00f3 t\u00eam os votos da pr\u00f3pria fam\u00edlia, quando t\u00eam.<\/p>\n<p>&nbsp;<\/p>\n<p>Por lei, os servidores-candidatos podem se afastar das atividades seis meses antes do pleito eleitoral. A maioria desses servidores se aproxima de partidos pol\u00edticos, finge fazer milit\u00e2ncia pol\u00edtica, mas o que realmente querem \u00e9 vida mansa.<\/p>\n<p>&nbsp;<\/p>\n<p>O TSE vai exigir, na hora do registro desses servidores como candidatos, que comprovem realmente o envolvimento pol\u00edtico. As regras, dizem t\u00e9cnicos do Tribunal, ficar\u00e3o mais r\u00edgidas. &#8220;N\u00e3o pode \u00e9 continuar essa farra que identificamos Brasil afora&#8221;, diz um integrante do TSE.<\/p>\n<p>&nbsp;<\/p>\n<p><em>Bras\u00edlia, 07h19min<\/em><\/p>\n","protected":false},"excerpt":{"rendered":"<p>O Tribunal Superior Eleitoral (TSE) identificou uma farra de servidores p\u00fablicos que se candidatam apenas para ficar seis meses fora do trabalho recebendo sal\u00e1rios. Muitos sequer fazem campanha. S\u00f3 t\u00eam os votos da pr\u00f3pria fam\u00edlia, quando t\u00eam. &nbsp; Por lei, os servidores-candidatos podem se afastar das atividades seis meses antes do pleito eleitoral. A maioria [&hellip;]<\/p>\n","protected":false},"author":22,"featured_media":0,"comment_status":"open","ping_status":"closed","sticky":false,"template":"","format":"standard","meta":{"footnotes":""},"categories":[600],"tags":[1219,1216,253,1218,122,1215,1217],"class_list":["post-3128","post","type-post","status-publish","format-standard","hentry","category-economia","tag-afastamento","tag-campanha-eleitoral","tag-cassacao","tag-registro","tag-salarios","tag-servidoires-publicos","tag-tse"],"_links":{"self":[{"href":"https:\/\/blogs.correiobraziliense.com.br\/vicente\/wp-json\/wp\/v2\/posts\/3128","targetHints":{"allow":["GET"]}}],"collection":[{"href":"https:\/\/blogs.correiobraziliense.com.br\/vicente\/wp-json\/wp\/v2\/posts"}],"about":[{"href":"https:\/\/blogs.correiobraziliense.com.br\/vicente\/wp-json\/wp\/v2\/types\/post"}],"author":[{"embeddable":true,"href":"https:\/\/blogs.correiobraziliense.com.br\/vicente\/wp-json\/wp\/v2\/users\/22"}],"replies":[{"embeddable":true,"href":"https:\/\/blogs.correiobraziliense.com.br\/vicente\/wp-json\/wp\/v2\/comments?post=3128"}],"version-history":[{"count":3,"href":"https:\/\/blogs.correiobraziliense.com.br\/vicente\/wp-json\/wp\/v2\/posts\/3128\/revisions"}],"predecessor-version":[{"id":3131,"href":"https:\/\/blogs.correiobraziliense.com.br\/vicente\/wp-json\/wp\/v2\/posts\/3128\/revisions\/3131"}],"wp:attachment":[{"href":"https:\/\/blogs.correiobraziliense.com.br\/vicente\/wp-json\/wp\/v2\/media?parent=3128"}],"wp:term":[{"taxonomy":"category","embeddable":true,"href":"https:\/\/blogs.correiobraziliense.com.br\/vicente\/wp-json\/wp\/v2\/categories?post=3128"},{"taxonomy":"post_tag","embeddable":true,"href":"https:\/\/blogs.correiobraziliense.com.br\/vicente\/wp-json\/wp\/v2\/tags?post=3128"}],"curies":[{"name":"wp","href":"https:\/\/api.w.org\/{rel}","templated":true}]}}