{"id":3126,"date":"2016-09-09T05:10:37","date_gmt":"2016-09-09T08:10:37","guid":{"rendered":"https:\/\/blogs.correiobraziliense.com.br\/vicente\/?p=3126"},"modified":"2016-09-09T08:15:17","modified_gmt":"2016-09-09T11:15:17","slug":"coluna-no-correio-alta-ansiedade","status":"publish","type":"post","link":"https:\/\/blogs.correiobraziliense.com.br\/vicente\/coluna-no-correio-alta-ansiedade\/","title":{"rendered":"Coluna no Correio: Alta ansiedade"},"content":{"rendered":"<p>Ainda n\u00e3o ser\u00e1 a not\u00edcia dos sonhos, mas o governo poder\u00e1 respirar aliviado com a infla\u00e7\u00e3o de agosto que o Instituto Brasileiro de Geografia e Estat\u00edstica (IBGE) divulga hoje. Se as contas dos analistas estiverem corretas, a alta do \u00cdndice de Pre\u00e7os ao Consumidor Amplo (IPCA) ficar\u00e1 em torno de 0,43%, mostrando um novo ciclo de refresco da carestia. Em julho, o indicador deu um susto, cravando eleva\u00e7\u00e3o de 0,54%, puxado, sobretudo, pelos alimentos, que, agora, perdem for\u00e7a. \u00c9 poss\u00edvel que, em setembro, a taxa fique entre 0,20% e 0,25%, pavimentando definitivamente o espa\u00e7o para que o Banco Central possa cortar a taxa b\u00e1sica de juros (Selic), de 14,25%.<\/p>\n<p>&nbsp;<\/p>\n<p>Tudo o que o presidente Michel Temer precisa neste momento \u00e9 de boas not\u00edcias na economia. \u00c9 com a melhora nas condi\u00e7\u00f5es de vida da popula\u00e7\u00e3o que ele pretende combater as vaias que tanto o t\u00eam incomodado. Os analistas acreditam, por\u00e9m, que o peemedebista ter\u00e1 que esperar um bom per\u00edodo para que a rejei\u00e7\u00e3o a ele diminua. Talvez isso s\u00f3 aconte\u00e7a em 2018, quando, ao que tudo indica, haver\u00e1 uma combina\u00e7\u00e3o de retomada do crescimento econ\u00f4mico, al\u00edvio no desemprego, infla\u00e7\u00e3o abaixo do centro da meta, de 4,5%, e juros menores. S\u00e3o condi\u00e7\u00f5es necess\u00e1rias para que as fam\u00edlias possam ver melhora no seu dia a dia.<\/p>\n<p>&nbsp;<\/p>\n<p>No Pal\u00e1cio do Planalto, por\u00e9m, a pressa \u00e9 grande. \u201cSabemos que ainda \u00e9 cedo para falar em al\u00edvio. A situa\u00e7\u00e3o da economia continua muito dif\u00edcil e levar\u00e1 tempo para que a crise seja deixada de vez para tr\u00e1s\u201d, diz um assessor de Temer. \u201cMas, de not\u00edcia em not\u00edcia boa, daqui a pouco teremos um conjunto de coisas favor\u00e1veis para mostrar\u201d, acrescenta. A urg\u00eancia se torna maior porque o governo j\u00e1 se deu conta de que as medidas de ajuste fiscal que dependem do Congresso tendem a andar mais devagar que o desejado. \u201cEsse atraso ter\u00e1 que ser compensado de alguma forma. Que seja com infla\u00e7\u00e3o mais baixa e, se poss\u00edvel, com queda dos juros\u201d, assinala.<\/p>\n<p>&nbsp;<\/p>\n<p><b>Certeza do Planalto<\/b><\/p>\n<p>&nbsp;<\/p>\n<p>O Planalto j\u00e1 est\u00e1 convencido de que o BC cortar\u00e1 a Selic ainda neste ano. A torcida \u00e9 para que a taxa caia em outubro. Mas a certeza \u00e9 de que o movimento de baixa come\u00e7ar\u00e1 em novembro, quando a autoridade monet\u00e1ria ter\u00e1 n\u00fameros mais precisos da infla\u00e7\u00e3o e poder\u00e1 identificar at\u00e9 onde andou a vota\u00e7\u00e3o de medidas do ajuste fiscal, em especial, a Proposta de Emenda \u00e0 Constitui\u00e7\u00e3o (PEC) que limita o aumento de gastos \u00e0 infla\u00e7\u00e3o do ano anterior. \u201cNas avalia\u00e7\u00f5es internas que temos feito, acreditamos que, para o BC, \u00e9 importante que as proje\u00e7\u00f5es de infla\u00e7\u00e3o para 2017 estejam bem pr\u00f3ximas de 4,5% e que pelo menos a PEC dos gastos tenha passado pela C\u00e2mara dos Deputados\u201d, afirma um ministro muito pr\u00f3ximo de Temer.<\/p>\n<p>&nbsp;<\/p>\n<p>O governo reconhece, por\u00e9m, que, no cen\u00e1rio tra\u00e7ado at\u00e9 agora, de ligeira melhora da economia, n\u00e3o pode haver imprevistos na economia. O problema, destaca um auxiliar do ministro da Fazenda, Henrique Meirelles, \u00e9 que entrou no radar a Opera\u00e7\u00e3o Greenfield, que investiga corrup\u00e7\u00e3o nos quatro maiores fundos de pens\u00e3o de estatais, a Funcef, a Previ, a Petros e o Postalis. Essas funda\u00e7\u00f5es t\u00eam, por tradi\u00e7\u00e3o, investirem pesado em projetos de infraestrutura. Mas como foram obrigadas a paralisarem todas as atividades por precau\u00e7\u00e3o, podem ficar ausentes da primeira fase do programa de privatiza\u00e7\u00e3o e de concess\u00f5es que o Planalto quer lan\u00e7ar na pr\u00f3xima semana.<\/p>\n<p>&nbsp;<\/p>\n<p>\u201cAinda estamos analisando qual o real tamanho da Opera\u00e7\u00e3o Greenfield. Sabemos que n\u00e3o \u00e9 um neg\u00f3cio pequeno. Muito pelo contr\u00e1rio. Pega os maiores investidores do pa\u00eds e grandes empresas. Isso pode dar um baque na economia se a avers\u00e3o ao risco aumentar muito\u201d, frisa o ministro. Ele prefere, no entanto, acreditar que o impacto da corrup\u00e7\u00e3o nos fundos de pens\u00e3o ser\u00e1 restrito. \u201cTudo, por\u00e9m, \u00e9 mais torcida do que certeza\u201d, complementa. O maior temor do Planalto \u00e9 que a Greenfield se entrelace com a Lava-Jato e se transforme em um mostro que ningu\u00e9m sabe onde vai parar.<\/p>\n<p>&nbsp;<\/p>\n<p><b>Intelig\u00eancia emocional<\/b><\/p>\n<p>&nbsp;<\/p>\n<p>Economista-chefe da A2A INVX Partners, Eduardo Velho diz que o governo deve se concentrar em levar o ajuste fiscal adiante. \u00c9 a certeza de que as medidas para a arruma\u00e7\u00e3o das contas p\u00fablicas est\u00e3o andando que garantir\u00e1 o apoio dos agentes econ\u00f4micos. Ele ressalta que as condi\u00e7\u00f5es para que Temer possa respirar com maior facilidade est\u00e3o dadas. A infla\u00e7\u00e3o vai perder for\u00e7a, os juros cair\u00e3o e o quarto trimestre do ano mostrar\u00e1 que a recess\u00e3o ficou para tr\u00e1s. \u201cEsse quadro est\u00e1 praticamente dado. Mas pode ficar melhor se as medidas do ajuste avan\u00e7arem no Congresso\u201d, afirma.<\/p>\n<p>&nbsp;<\/p>\n<p>Velho ressalta ainda que o governo n\u00e3o pode abrir brechas para d\u00favidas ou estimular ru\u00eddos em rela\u00e7\u00e3o aos rumos da economia. Quanto menos a pol\u00edtica interferir na atividade produtiva, melhor. O duro \u00e9 segurar auxiliares de Temer que gostam de jogar lenha na fogueira, na maior parte do tempo, por pura vaidade. Paci\u00eancia, na atual conjuntura, a vital. \u00c9 sinal de intelig\u00eancia emocional, algo raro nos dias de hoje.<\/p>\n<p>&nbsp;<\/p>\n<p><i>Bras\u00edlia, 05h10min<\/i><\/p>\n","protected":false},"excerpt":{"rendered":"<p>Ainda n\u00e3o ser\u00e1 a not\u00edcia dos sonhos, mas o governo poder\u00e1 respirar aliviado com a infla\u00e7\u00e3o de agosto que o Instituto Brasileiro de Geografia e Estat\u00edstica (IBGE) divulga hoje. Se as contas dos analistas estiverem corretas, a alta do \u00cdndice de Pre\u00e7os ao Consumidor Amplo (IPCA) ficar\u00e1 em torno de 0,43%, mostrando um novo ciclo [&hellip;]<\/p>\n","protected":false},"author":22,"featured_media":0,"comment_status":"open","ping_status":"closed","sticky":false,"template":"","format":"standard","meta":{"footnotes":""},"categories":[600],"tags":[74,14,1213,4,370,111,1214],"class_list":["post-3126","post","type-post","status-publish","format-standard","hentry","category-economia","tag-eduardo-velho","tag-inflacao","tag-ipca","tag-juros","tag-manifestacoes","tag-michel-temer","tag-vaias"],"_links":{"self":[{"href":"https:\/\/blogs.correiobraziliense.com.br\/vicente\/wp-json\/wp\/v2\/posts\/3126","targetHints":{"allow":["GET"]}}],"collection":[{"href":"https:\/\/blogs.correiobraziliense.com.br\/vicente\/wp-json\/wp\/v2\/posts"}],"about":[{"href":"https:\/\/blogs.correiobraziliense.com.br\/vicente\/wp-json\/wp\/v2\/types\/post"}],"author":[{"embeddable":true,"href":"https:\/\/blogs.correiobraziliense.com.br\/vicente\/wp-json\/wp\/v2\/users\/22"}],"replies":[{"embeddable":true,"href":"https:\/\/blogs.correiobraziliense.com.br\/vicente\/wp-json\/wp\/v2\/comments?post=3126"}],"version-history":[{"count":1,"href":"https:\/\/blogs.correiobraziliense.com.br\/vicente\/wp-json\/wp\/v2\/posts\/3126\/revisions"}],"predecessor-version":[{"id":3127,"href":"https:\/\/blogs.correiobraziliense.com.br\/vicente\/wp-json\/wp\/v2\/posts\/3126\/revisions\/3127"}],"wp:attachment":[{"href":"https:\/\/blogs.correiobraziliense.com.br\/vicente\/wp-json\/wp\/v2\/media?parent=3126"}],"wp:term":[{"taxonomy":"category","embeddable":true,"href":"https:\/\/blogs.correiobraziliense.com.br\/vicente\/wp-json\/wp\/v2\/categories?post=3126"},{"taxonomy":"post_tag","embeddable":true,"href":"https:\/\/blogs.correiobraziliense.com.br\/vicente\/wp-json\/wp\/v2\/tags?post=3126"}],"curies":[{"name":"wp","href":"https:\/\/api.w.org\/{rel}","templated":true}]}}