{"id":3123,"date":"2016-09-08T19:43:37","date_gmt":"2016-09-08T22:43:37","guid":{"rendered":"https:\/\/blogs.correiobraziliense.com.br\/vicente\/?p=3123"},"modified":"2016-09-08T19:44:30","modified_gmt":"2016-09-08T22:44:30","slug":"itau-preve-selic-em-10-ao-ano-e-crescimento-de-2-do-pib-em-2017","status":"publish","type":"post","link":"https:\/\/blogs.correiobraziliense.com.br\/vicente\/itau-preve-selic-em-10-ao-ano-e-crescimento-de-2-do-pib-em-2017\/","title":{"rendered":"Ita\u00fa prev\u00ea Selic em 10% ao ano e crescimento de 2% do PIB em 2017"},"content":{"rendered":"<p>POR ANTONIO TEM\u00d3TEO<\/p>\n<p>&nbsp;<\/p>\n<p>A mudan\u00e7a na comunica\u00e7\u00e3o do Banco Central (BC) levou o Ita\u00fa Unibanco a rever suas proje\u00e7\u00f5es macroecon\u00f4micas. A institui\u00e7\u00e3o financeira estima que o processo de queda de juros ser\u00e1 iniciado pela autoridade monet\u00e1ria em outubro, com um corte de 0,25 ponto percentual.<\/p>\n<p>&nbsp;<\/p>\n<p>Em novembro, a flexibiliza\u00e7\u00e3o ser\u00e1 maior: \u00a0de 0,50 ponto percentual e a taxa b\u00e1sica de juros (Selic) terminar\u00e1 2016 em 13,50% ao ano. A institui\u00e7\u00e3o financeira ainda avalia que o ciclo de queda continuar\u00e1 em 2017 e a Selic atingir\u00e1 10% ao ano.<\/p>\n<p>&nbsp;<\/p>\n<p>Na avalia\u00e7\u00e3o do banco, o ciclo de flexibiliza\u00e7\u00e3o da pol\u00edtica monet\u00e1ria &#8220;deve estimular a demanda ao longo do tempo, tornando a retomada mais sustent\u00e1vel, ainda que seu impacto sobre a atividade s\u00f3 comece a ser evidenciado a partir de meados do ano que vem&#8221;.<\/p>\n<p>&nbsp;<\/p>\n<p>Com isso, a institui\u00e7\u00e3o financeira revisou sua proje\u00e7\u00e3o para a queda do Produto Interno Bruto (PIB) em 2016. A retra\u00e7\u00e3o da atividade ser\u00e1 de\u00a03,2%(antes, -3,5%). E para o pr\u00f3ximo ano, a gera\u00e7\u00e3o de riquezas no pa\u00eds ser\u00e1 maior: de 2,0% em 2017 (antes, 1,0%).<\/p>\n<p>&nbsp;<\/p>\n<p>Apesar da retomada da atividade, o banco alertou que o mercado de trabalho deve continuar piorando at\u00e9 o primeiro semestre do ano que vem.<\/p>\n","protected":false},"excerpt":{"rendered":"<p>POR ANTONIO TEM\u00d3TEO &nbsp; A mudan\u00e7a na comunica\u00e7\u00e3o do Banco Central (BC) levou o Ita\u00fa Unibanco a rever suas proje\u00e7\u00f5es macroecon\u00f4micas. A institui\u00e7\u00e3o financeira estima que o processo de queda de juros ser\u00e1 iniciado pela autoridade monet\u00e1ria em outubro, com um corte de 0,25 ponto percentual. &nbsp; Em novembro, a flexibiliza\u00e7\u00e3o ser\u00e1 maior: \u00a0de 0,50 [&hellip;]<\/p>\n","protected":false},"author":22,"featured_media":0,"comment_status":"open","ping_status":"closed","sticky":false,"template":"","format":"standard","meta":{"footnotes":""},"categories":[600],"tags":[1212,58,34],"class_list":["post-3123","post","type-post","status-publish","format-standard","hentry","category-economia","tag-itau-unibanco","tag-pib","tag-selic"],"_links":{"self":[{"href":"https:\/\/blogs.correiobraziliense.com.br\/vicente\/wp-json\/wp\/v2\/posts\/3123","targetHints":{"allow":["GET"]}}],"collection":[{"href":"https:\/\/blogs.correiobraziliense.com.br\/vicente\/wp-json\/wp\/v2\/posts"}],"about":[{"href":"https:\/\/blogs.correiobraziliense.com.br\/vicente\/wp-json\/wp\/v2\/types\/post"}],"author":[{"embeddable":true,"href":"https:\/\/blogs.correiobraziliense.com.br\/vicente\/wp-json\/wp\/v2\/users\/22"}],"replies":[{"embeddable":true,"href":"https:\/\/blogs.correiobraziliense.com.br\/vicente\/wp-json\/wp\/v2\/comments?post=3123"}],"version-history":[{"count":2,"href":"https:\/\/blogs.correiobraziliense.com.br\/vicente\/wp-json\/wp\/v2\/posts\/3123\/revisions"}],"predecessor-version":[{"id":3125,"href":"https:\/\/blogs.correiobraziliense.com.br\/vicente\/wp-json\/wp\/v2\/posts\/3123\/revisions\/3125"}],"wp:attachment":[{"href":"https:\/\/blogs.correiobraziliense.com.br\/vicente\/wp-json\/wp\/v2\/media?parent=3123"}],"wp:term":[{"taxonomy":"category","embeddable":true,"href":"https:\/\/blogs.correiobraziliense.com.br\/vicente\/wp-json\/wp\/v2\/categories?post=3123"},{"taxonomy":"post_tag","embeddable":true,"href":"https:\/\/blogs.correiobraziliense.com.br\/vicente\/wp-json\/wp\/v2\/tags?post=3123"}],"curies":[{"name":"wp","href":"https:\/\/api.w.org\/{rel}","templated":true}]}}